{"id":1471,"date":"2025-12-07T18:17:39","date_gmt":"2025-12-07T23:17:39","guid":{"rendered":"https:\/\/lepetitparc.ca\/stephanie\/?p=1471"},"modified":"2025-12-07T18:17:42","modified_gmt":"2025-12-07T23:17:42","slug":"les-voisins-le-verglas","status":"publish","type":"post","link":"https:\/\/lepetitparc.ca\/stephanie\/2025\/12\/07\/les-voisins-le-verglas\/","title":{"rendered":"Les voisins, le verglas"},"content":{"rendered":"\n<p class=\"wp-block-paragraph\">La Ferme du Covenant, nomm\u00e9e par mes parents, \u00e9tait une terre agricole de 48 acres \u00e0 Clarence Creek dans l\u2019est ontarien, et le fondement de leur projet de retraite. Ils y ont construit une maison et se sont install\u00e9s en 1983.<\/p>\n\n\n\n<p class=\"wp-block-paragraph\">Ma m\u00e8re, fille de ville, avait toujours \u00e9t\u00e9 passionn\u00e9e par les chevaux, et \u00e0 la ferme elle a pu s\u2019en donner \u00e0 c\u0153ur joie, \u00e9levant de magnifiques <a href=\"https:\/\/www.lechevalcanadien.ca\/\" target=\"_blank\" rel=\"noreferrer noopener\">chevaux de race \u00abCanadien\u00bb<\/a> et dressant des poneys pour l\u2019attelage.<br>Plus tard, ma s\u0153ur a aussi d\u00e9velopp\u00e9 une petite entreprise, \u00abLes poneys et les jeunes\u00bb, accueillant des groupes d\u2019enfants chaque semaine en \u00e9t\u00e9 pour des camps d\u2019\u00e9quitation.<\/p>\n\n\n\n<div class=\"wp-block-media-text is-stacked-on-mobile\"><figure class=\"wp-block-media-text__media\"><img fetchpriority=\"high\" decoding=\"async\" width=\"1024\" height=\"768\" src=\"https:\/\/lepetitparc.ca\/stephanie\/wp-content\/uploads\/sites\/15\/2025\/12\/june-bambi-1024x768.jpg\" alt=\"\" class=\"wp-image-1474 size-full\" srcset=\"https:\/\/lepetitparc.ca\/stephanie\/wp-content\/uploads\/sites\/15\/2025\/12\/june-bambi-1024x768.jpg 1024w, https:\/\/lepetitparc.ca\/stephanie\/wp-content\/uploads\/sites\/15\/2025\/12\/june-bambi-300x225.jpg 300w, https:\/\/lepetitparc.ca\/stephanie\/wp-content\/uploads\/sites\/15\/2025\/12\/june-bambi-768x576.jpg 768w, https:\/\/lepetitparc.ca\/stephanie\/wp-content\/uploads\/sites\/15\/2025\/12\/june-bambi-1536x1152.jpg 1536w, https:\/\/lepetitparc.ca\/stephanie\/wp-content\/uploads\/sites\/15\/2025\/12\/june-bambi.jpg 1800w\" sizes=\"(max-width: 1024px) 100vw, 1024px\" \/><\/figure><div class=\"wp-block-media-text__content\">\n<p class=\"wp-block-paragraph\"><em>Ma m\u00e8re, June Flanagan, avec sa jument Bambi en attelage, 2003<\/em><\/p>\n<\/div><\/div>\n\n\n\n<div style=\"height:22px\" aria-hidden=\"true\" class=\"wp-block-spacer\"><\/div>\n\n\n\n<p class=\"wp-block-paragraph\">Ainsi, les 48 acres de la ferme au d\u00e9but \u00e9taient compos\u00e9es d\u2019une douzaine d\u2019acres de bois\u00e9, de quelques plantations d\u2019arbres plus r\u00e9cents, de trois parcelles cultiv\u00e9es par un voisin, des pacages et installations pour les chevaux, et bien s\u00fbr d\u2019un grand potager.<\/p>\n\n\n\n<p class=\"wp-block-paragraph\">Sept ans apr\u00e8s avoir am\u00e9nag\u00e9 \u00e0 la ferme, mes parents \u00e9taient pr\u00eats pour un changement, et ont sevr\u00e9 une parcelle d\u2019une acre pour y construire une nouvelle maison. La terre, et la premi\u00e8re maison am\u00e9nag\u00e9e sur celle-ci, ont \u00e9t\u00e9 achet\u00e9es par Jean-Pierre et moi-m\u00eame en 1990. Notre fils a\u00een\u00e9 avait alors 9 ans, le 2<sup>e<\/sup> avait 7 ans, et notre troisi\u00e8me \u00e9tait poupon.<\/p>\n\n\n\n<p class=\"wp-block-paragraph\">En grandissant, nos enfants avaient comme voisins leurs grand-parents, et avaient des poneys dans la cour. Ils pouvaient \u00eatre invit\u00e9s \u00e0 tout moment pour un tour en buggy (boquet), \u00eatre recrut\u00e9s pour charger du foin dans le champs, ou profiter d\u2019une le\u00e7on d\u2019\u00e9quitation de leur tante.<\/p>\n\n\n\n<p class=\"wp-block-paragraph\">En janvier 1998, il y a eu le verglas du si\u00e8cle: la pluie tombait et tombait et la glace s\u2019accumulait en une \u00e9paisse cro\u00fbte sur toutes les surfaces. \u00c0 la ferme, on entendait les arbres matures fendre sous le poids de la glace avec des gros \u00abboum\u00bb comme des explosions.<\/p>\n\n\n\n<p class=\"wp-block-paragraph\">Nous avons pass\u00e9 11 jours sans courant, et pendant ce temps, les 14 chevaux devaient \u00eatre nourris et surtout approvisionn\u00e9s en eau \u2013 pas une mince t\u00e2che lorsqu\u2019il n\u2019y a pas de pompe \u00e9lectrique.<\/p>\n\n\n\n<p class=\"wp-block-paragraph\">\u00c0 bien des moments, mes parents ont exprim\u00e9 combien ils appr\u00e9ciaient la pr\u00e9sence de leurs petits-enfants comme voisins, et c\u2019\u00e9tait certainement le cas pendant le grand verglas.<\/p>\n","protected":false},"excerpt":{"rendered":"<p>Bouts de souvenirs des trente ans v\u00e9cus sur une ferme<\/p>\n","protected":false},"author":6,"featured_media":1472,"comment_status":"open","ping_status":"open","sticky":false,"template":"","format":"standard","meta":{"_acf_changed":false,"_crdt_document":"","disable_featured_image":false,"footnotes":""},"categories":[25],"tags":[],"taxon-du-petit-parc":[18],"class_list":["post-1471","post","type-post","status-publish","format-standard","has-post-thumbnail","hentry","category-souvenirs","taxon-du-petit-parc-racines"],"acf":[],"_links":{"self":[{"href":"https:\/\/lepetitparc.ca\/stephanie\/wp-json\/wp\/v2\/posts\/1471","targetHints":{"allow":["GET"]}}],"collection":[{"href":"https:\/\/lepetitparc.ca\/stephanie\/wp-json\/wp\/v2\/posts"}],"about":[{"href":"https:\/\/lepetitparc.ca\/stephanie\/wp-json\/wp\/v2\/types\/post"}],"author":[{"embeddable":true,"href":"https:\/\/lepetitparc.ca\/stephanie\/wp-json\/wp\/v2\/users\/6"}],"replies":[{"embeddable":true,"href":"https:\/\/lepetitparc.ca\/stephanie\/wp-json\/wp\/v2\/comments?post=1471"}],"version-history":[{"count":5,"href":"https:\/\/lepetitparc.ca\/stephanie\/wp-json\/wp\/v2\/posts\/1471\/revisions"}],"predecessor-version":[{"id":1478,"href":"https:\/\/lepetitparc.ca\/stephanie\/wp-json\/wp\/v2\/posts\/1471\/revisions\/1478"}],"wp:featuredmedia":[{"embeddable":true,"href":"https:\/\/lepetitparc.ca\/stephanie\/wp-json\/wp\/v2\/media\/1472"}],"wp:attachment":[{"href":"https:\/\/lepetitparc.ca\/stephanie\/wp-json\/wp\/v2\/media?parent=1471"}],"wp:term":[{"taxonomy":"category","embeddable":true,"href":"https:\/\/lepetitparc.ca\/stephanie\/wp-json\/wp\/v2\/categories?post=1471"},{"taxonomy":"post_tag","embeddable":true,"href":"https:\/\/lepetitparc.ca\/stephanie\/wp-json\/wp\/v2\/tags?post=1471"},{"taxonomy":"taxon-du-petit-parc","embeddable":true,"href":"https:\/\/lepetitparc.ca\/stephanie\/wp-json\/wp\/v2\/taxon-du-petit-parc?post=1471"}],"curies":[{"name":"wp","href":"https:\/\/api.w.org\/{rel}","templated":true}]}}