{"id":168,"date":"2022-12-04T09:53:59","date_gmt":"2022-12-04T14:53:59","guid":{"rendered":"https:\/\/lepetitparc.ca\/nathalie\/?p=168"},"modified":"2023-11-02T18:44:56","modified_gmt":"2023-11-02T23:44:56","slug":"les-mardis-magiques","status":"publish","type":"post","link":"https:\/\/lepetitparc.ca\/nathalie\/2022\/12\/04\/les-mardis-magiques\/","title":{"rendered":"Les mardis magiques"},"content":{"rendered":"\n<p class=\"wp-block-paragraph\">Le mardi gras, les mardis g\u00e9n\u00e9reux et maintenant les mardis magiques?<\/p>\n\n\n\n<p class=\"wp-block-paragraph\">\u00cates-vous de la cat\u00e9gories de gens du \u00ab&nbsp;Vivement le vendredi&nbsp;\u00bb qui se fait souvent suivre par \u00ab&nbsp;Super c\u2019est samedi!&nbsp;\u00bb et \u00ab&nbsp;D\u00e9j\u00e0 dimanche!&nbsp;\u00bb?<\/p>\n\n\n\n<p class=\"wp-block-paragraph\">Mon jour de la semaine pr\u00e9f\u00e9r\u00e9 a \u00e9t\u00e9 le vendredi pendant longtemps. C\u2019\u00e9tait certainement vrai durant mes premi\u00e8res ann\u00e9es du secondaire lorsque je n\u2019avais pas d\u2019amiti\u00e9s pour animer mes semaines. C\u2019\u00e9tait plus flou lorsque j\u2019ai eu de bons amis, mais quand j\u2019ai commenc\u00e9 \u00e0 travailler les fins de semaine, tous les jours de la semaine ont eu la m\u00eame valeur et c\u2019\u00e9tait positif!<\/p>\n\n\n\n<p class=\"wp-block-paragraph\">En r\u00e9alit\u00e9, mon cerveau demandait le r\u00e9pit que mon travail r\u00e9p\u00e9titif me procurait la fin de semaine et quand arrivait le dimanche, j\u2019avais h\u00e2te de reprendre ma stimulation intellectuelle de la semaine. J\u2019avais toujours h\u00e2te au prochain bloc de la semaine!<\/p>\n\n\n\n<p class=\"wp-block-paragraph\">J\u2019ai r\u00e9alis\u00e9 assez vite que je devrais toujours travailler \u00e0 maintenir cet \u00e9quilibre lorsque j\u2019ai remarqu\u00e9 la tendance g\u00e9n\u00e9rale de notre soci\u00e9t\u00e9 \u00e0 attendre la fin de semaine, \u00e0 avoir peur du dimanche et en gros \u00e0 r\u00eaver de la retraite.<\/p>\n\n\n\n<p class=\"wp-block-paragraph\">La patience est certainement une vertu, mais elle est une nuisance dans ce cas l\u00e0. Si vous tra\u00eenez la semaine de travail comme un boulet, c\u2019est peut-\u00eatre que vous n\u2019\u00eates pas \u00e0 la bonne place. Lib\u00e9rez-vous de ces cha\u00eenes en trouvant votre vrai vocation! (H\u00e9! J\u2019offre encore des ateliers pour trouver la carri\u00e8re parfaite \u00e0 la biblioth\u00e8que de Clarence-Rockland\u2026 l\u2019invitation vous est lanc\u00e9e telle une bou\u00e9e \u00e0 la mer)<\/p>\n\n\n\n<figure class=\"wp-block-image size-large\"><img fetchpriority=\"high\" decoding=\"async\" width=\"1024\" height=\"246\" src=\"https:\/\/lepetitparc.ca\/nathalie\/wp-content\/uploads\/sites\/13\/2022\/12\/LPP-mardis-magiques-dessin-1024x246.png\" alt=\"\" class=\"wp-image-174\" srcset=\"https:\/\/lepetitparc.ca\/nathalie\/wp-content\/uploads\/sites\/13\/2022\/12\/LPP-mardis-magiques-dessin-1024x246.png 1024w, https:\/\/lepetitparc.ca\/nathalie\/wp-content\/uploads\/sites\/13\/2022\/12\/LPP-mardis-magiques-dessin-300x72.png 300w, https:\/\/lepetitparc.ca\/nathalie\/wp-content\/uploads\/sites\/13\/2022\/12\/LPP-mardis-magiques-dessin-768x184.png 768w, https:\/\/lepetitparc.ca\/nathalie\/wp-content\/uploads\/sites\/13\/2022\/12\/LPP-mardis-magiques-dessin-1536x368.png 1536w, https:\/\/lepetitparc.ca\/nathalie\/wp-content\/uploads\/sites\/13\/2022\/12\/LPP-mardis-magiques-dessin-2048x491.png 2048w, https:\/\/lepetitparc.ca\/nathalie\/wp-content\/uploads\/sites\/13\/2022\/12\/LPP-mardis-magiques-dessin-1568x376.png 1568w\" sizes=\"(max-width: 1024px) 100vw, 1024px\" \/><\/figure>\n\n\n\n<p class=\"wp-block-paragraph\">C\u2019est pourquoi mes mardis sont devenus magiques. Mes projets sp\u00e9ciaux, mes activit\u00e9s joyeuses, je les r\u00e9serve pour les mardis soirs.<\/p>\n\n\n\n<p class=\"wp-block-paragraph\">Je n\u2019ai pas abandonn\u00e9 les autres jours de la semaine. J\u2019ai une gratitude pour chaque jour et chaque nouvelle journ\u00e9e est une occasion de danser dans ma cuisine ou me plonger dans une histoire int\u00e9ressante.<\/p>\n\n\n\n<p class=\"wp-block-paragraph\">Alors, au lieu de dire \u00ab&nbsp;Merde, on est juste mercredi&nbsp;\u00bb, je suis pour le \u00ab&nbsp;Si c\u2019est pas merveilleux, c\u2019est mercredi aujourd\u2019hui!\u00bb.<\/p>\n\n\n\n<p class=\"wp-block-paragraph\">Je vous souhaite donc, un bon lundi loufoque, mardi magique, mercredi merveilleux, jeudi jubilant, vendredi virevoltant et une bonne fin de semaine reposante avec tout \u00e7a.<\/p>\n","protected":false},"excerpt":{"rendered":"<p>Le mardi gras, les mardis g\u00e9n\u00e9reux et maintenant les mardis magiques? \u00cates-vous de la cat\u00e9gories de gens du \u00ab&nbsp;Vivement le vendredi&nbsp;\u00bb qui se fait souvent suivre par \u00ab&nbsp;Super c\u2019est samedi!&nbsp;\u00bb et \u00ab&nbsp;D\u00e9j\u00e0 dimanche!&nbsp;\u00bb? Mon jour de la semaine pr\u00e9f\u00e9r\u00e9 a \u00e9t\u00e9 le vendredi pendant longtemps. C\u2019\u00e9tait certainement vrai durant mes premi\u00e8res ann\u00e9es du secondaire lorsque&hellip; <a class=\"more-link\" href=\"https:\/\/lepetitparc.ca\/nathalie\/2022\/12\/04\/les-mardis-magiques\/\">Continue reading <span class=\"screen-reader-text\">Les mardis magiques<\/span><\/a><\/p>\n","protected":false},"author":12,"featured_media":176,"comment_status":"open","ping_status":"open","sticky":false,"template":"","format":"standard","meta":{"_acf_changed":false,"_crdt_document":"","disable_featured_image":true,"footnotes":""},"categories":[1],"tags":[],"taxon-du-petit-parc":[21],"class_list":["post-168","post","type-post","status-publish","format-standard","has-post-thumbnail","hentry","category-non-classe","taxon-du-petit-parc-solidarite","entry"],"acf":[],"_links":{"self":[{"href":"https:\/\/lepetitparc.ca\/nathalie\/wp-json\/wp\/v2\/posts\/168","targetHints":{"allow":["GET"]}}],"collection":[{"href":"https:\/\/lepetitparc.ca\/nathalie\/wp-json\/wp\/v2\/posts"}],"about":[{"href":"https:\/\/lepetitparc.ca\/nathalie\/wp-json\/wp\/v2\/types\/post"}],"author":[{"embeddable":true,"href":"https:\/\/lepetitparc.ca\/nathalie\/wp-json\/wp\/v2\/users\/12"}],"replies":[{"embeddable":true,"href":"https:\/\/lepetitparc.ca\/nathalie\/wp-json\/wp\/v2\/comments?post=168"}],"version-history":[{"count":4,"href":"https:\/\/lepetitparc.ca\/nathalie\/wp-json\/wp\/v2\/posts\/168\/revisions"}],"predecessor-version":[{"id":314,"href":"https:\/\/lepetitparc.ca\/nathalie\/wp-json\/wp\/v2\/posts\/168\/revisions\/314"}],"wp:featuredmedia":[{"embeddable":true,"href":"https:\/\/lepetitparc.ca\/nathalie\/wp-json\/wp\/v2\/media\/176"}],"wp:attachment":[{"href":"https:\/\/lepetitparc.ca\/nathalie\/wp-json\/wp\/v2\/media?parent=168"}],"wp:term":[{"taxonomy":"category","embeddable":true,"href":"https:\/\/lepetitparc.ca\/nathalie\/wp-json\/wp\/v2\/categories?post=168"},{"taxonomy":"post_tag","embeddable":true,"href":"https:\/\/lepetitparc.ca\/nathalie\/wp-json\/wp\/v2\/tags?post=168"},{"taxonomy":"taxon-du-petit-parc","embeddable":true,"href":"https:\/\/lepetitparc.ca\/nathalie\/wp-json\/wp\/v2\/taxon-du-petit-parc?post=168"}],"curies":[{"name":"wp","href":"https:\/\/api.w.org\/{rel}","templated":true}]}}