{"id":371,"date":"2024-10-05T22:43:57","date_gmt":"2024-10-06T02:43:57","guid":{"rendered":"https:\/\/lepetitparc.ca\/mireille\/?p=371"},"modified":"2024-10-06T07:56:46","modified_gmt":"2024-10-06T11:56:46","slug":"naitre-grandir-et-vieillir-avec-les-fees","status":"publish","type":"post","link":"https:\/\/lepetitparc.ca\/mireille\/2024\/10\/05\/naitre-grandir-et-vieillir-avec-les-fees\/","title":{"rendered":"Na\u00eetre, grandir et vieillir avec les f\u00e9es"},"content":{"rendered":"\n<p class=\"wp-block-paragraph\">C\u2019\u00e9tait au d\u00e9but septembre. Assises au salon, mon amie Em et moi parlions du boulot, de la famille \u00e9largie dont nous faisons partie, des enfants, de nos&nbsp; ami.e.s\u2026 Nous prenions et donnions des nouvelles, en somme.<\/p>\n\n\n\n<figure class=\"wp-block-image aligncenter size-full is-resized\"><img fetchpriority=\"high\" decoding=\"async\" width=\"640\" height=\"428\" src=\"https:\/\/lepetitparc.ca\/mireille\/wp-content\/uploads\/sites\/22\/2024\/10\/conversation-3513843_640-1.jpg\" alt=\"\" class=\"wp-image-373\" style=\"width:357px;height:auto\" srcset=\"https:\/\/lepetitparc.ca\/mireille\/wp-content\/uploads\/sites\/22\/2024\/10\/conversation-3513843_640-1.jpg 640w, https:\/\/lepetitparc.ca\/mireille\/wp-content\/uploads\/sites\/22\/2024\/10\/conversation-3513843_640-1-300x201.jpg 300w\" sizes=\"(max-width: 640px) 100vw, 640px\" \/><\/figure>\n\n\n\n<p class=\"has-text-align-center wp-block-paragraph\">Photo: aitoff<\/p>\n\n\n\n<p class=\"wp-block-paragraph\"><\/p>\n\n\n\n<p class=\"wp-block-paragraph\">\u00a0Je me suis rendu compte, \u00e0 un moment donn\u00e9, qu\u2019il \u00e9tait beaucoup question des endroits o\u00f9 vivaient nos proches, de leurs p\u00e9r\u00e9grinations au fil du temps et du choix que certain.e.s avaient fait de vivre au bord du Saint-Laurent, de la rivi\u00e8re des Outaouais ou de l\u2019un des innombrables lacs qui peuplent notre r\u00e9gion. \u00a0Em m\u2019a alors d\u00e9clar\u00e9 que, pour sa part, elle n\u2019\u00e9tait pas une \u00ab\u00a0fille de mer, de fleuve ou m\u00eame de rivi\u00e8re\u00a0\u00bb, mais clairement une \u00ab\u00a0fille de lac\u00a0\u00bb. S\u2019est ensuivie pour moi une r\u00e9flexion sinueuse, amusante et\u2026 assez captivante, je l\u2019avoue.<\/p>\n\n\n\n<figure class=\"wp-block-image aligncenter size-large is-resized\"><img decoding=\"async\" width=\"1024\" height=\"682\" data-src=\"https:\/\/lepetitparc.ca\/mireille\/wp-content\/uploads\/sites\/22\/2024\/10\/boat-6579441_1280-1-1024x682.jpg\" alt=\"\" class=\"wp-image-375 lazyload\" style=\"--smush-placeholder-width: 1024px; --smush-placeholder-aspect-ratio: 1024\/682;width:471px;height:auto\" data-srcset=\"https:\/\/lepetitparc.ca\/mireille\/wp-content\/uploads\/sites\/22\/2024\/10\/boat-6579441_1280-1-1024x682.jpg 1024w, https:\/\/lepetitparc.ca\/mireille\/wp-content\/uploads\/sites\/22\/2024\/10\/boat-6579441_1280-1-300x200.jpg 300w, https:\/\/lepetitparc.ca\/mireille\/wp-content\/uploads\/sites\/22\/2024\/10\/boat-6579441_1280-1-768x512.jpg 768w, https:\/\/lepetitparc.ca\/mireille\/wp-content\/uploads\/sites\/22\/2024\/10\/boat-6579441_1280-1.jpg 1280w\" data-sizes=\"(max-width: 1024px) 100vw, 1024px\" src=\"data:image\/svg+xml;base64,PHN2ZyB3aWR0aD0iMSIgaGVpZ2h0PSIxIiB4bWxucz0iaHR0cDovL3d3dy53My5vcmcvMjAwMC9zdmciPjwvc3ZnPg==\" \/><\/figure>\n\n\n\n<p class=\"has-text-align-center wp-block-paragraph\">Photo: LTapsa<\/p>\n\n\n\n<p class=\"wp-block-paragraph\">Nous sommes maintenant en octobre et, \u00ab&nbsp;cadeau&nbsp;\u00bb du r\u00e9chauffement climatique, il fait beau comme en plein \u00e9t\u00e9. La brise et la lumi\u00e8re dans les feuilles sont une vraie splendeur; mes chaussures de marche me font des clins d\u2019\u0153il; c\u2019est le temps d\u2019aller dehors. Il y a un endroit o\u00f9 je ne vais pas souvent, bien qu\u2019il soit \u00e0 quelques enc\u00e2blures seulement de chez moi. C\u2019est un lieu un peu secret, qui ram\u00e8ne en m\u00e9moire des histoires d\u2019enfance et d\u2019appartenance&nbsp;: le lac des f\u00e9es.<\/p>\n\n\n\n<figure class=\"wp-block-gallery has-nested-images columns-default is-cropped wp-block-gallery-1 is-layout-flex wp-block-gallery-is-layout-flex\">\n<figure class=\"wp-block-image size-large\"><img decoding=\"async\" width=\"768\" height=\"1024\" data-id=\"376\" data-src=\"https:\/\/lepetitparc.ca\/mireille\/wp-content\/uploads\/sites\/22\/2024\/10\/thumbnail_IMG_3120-768x1024.jpg\" alt=\"\" class=\"wp-image-376 lazyload\" data-srcset=\"https:\/\/lepetitparc.ca\/mireille\/wp-content\/uploads\/sites\/22\/2024\/10\/thumbnail_IMG_3120-768x1024.jpg 768w, https:\/\/lepetitparc.ca\/mireille\/wp-content\/uploads\/sites\/22\/2024\/10\/thumbnail_IMG_3120-225x300.jpg 225w, https:\/\/lepetitparc.ca\/mireille\/wp-content\/uploads\/sites\/22\/2024\/10\/thumbnail_IMG_3120-1152x1536.jpg 1152w, https:\/\/lepetitparc.ca\/mireille\/wp-content\/uploads\/sites\/22\/2024\/10\/thumbnail_IMG_3120.jpg 1440w\" data-sizes=\"(max-width: 768px) 100vw, 768px\" src=\"data:image\/svg+xml;base64,PHN2ZyB3aWR0aD0iMSIgaGVpZ2h0PSIxIiB4bWxucz0iaHR0cDovL3d3dy53My5vcmcvMjAwMC9zdmciPjwvc3ZnPg==\" style=\"--smush-placeholder-width: 768px; --smush-placeholder-aspect-ratio: 768\/1024;\" \/><\/figure>\n\n\n\n<figure class=\"wp-block-image size-large\"><img decoding=\"async\" width=\"768\" height=\"1024\" data-id=\"377\" data-src=\"https:\/\/lepetitparc.ca\/mireille\/wp-content\/uploads\/sites\/22\/2024\/10\/thumbnail_IMG_3124-768x1024.jpg\" alt=\"\" class=\"wp-image-377 lazyload\" data-srcset=\"https:\/\/lepetitparc.ca\/mireille\/wp-content\/uploads\/sites\/22\/2024\/10\/thumbnail_IMG_3124-768x1024.jpg 768w, https:\/\/lepetitparc.ca\/mireille\/wp-content\/uploads\/sites\/22\/2024\/10\/thumbnail_IMG_3124-225x300.jpg 225w, https:\/\/lepetitparc.ca\/mireille\/wp-content\/uploads\/sites\/22\/2024\/10\/thumbnail_IMG_3124-1152x1536.jpg 1152w, https:\/\/lepetitparc.ca\/mireille\/wp-content\/uploads\/sites\/22\/2024\/10\/thumbnail_IMG_3124.jpg 1440w\" data-sizes=\"(max-width: 768px) 100vw, 768px\" src=\"data:image\/svg+xml;base64,PHN2ZyB3aWR0aD0iMSIgaGVpZ2h0PSIxIiB4bWxucz0iaHR0cDovL3d3dy53My5vcmcvMjAwMC9zdmciPjwvc3ZnPg==\" style=\"--smush-placeholder-width: 768px; --smush-placeholder-aspect-ratio: 768\/1024;\" \/><\/figure>\n\n\n\n<figure class=\"wp-block-image size-large\"><img decoding=\"async\" width=\"768\" height=\"1024\" data-id=\"378\" data-src=\"https:\/\/lepetitparc.ca\/mireille\/wp-content\/uploads\/sites\/22\/2024\/10\/thumbnail_IMG_3136-768x1024.jpg\" alt=\"\" class=\"wp-image-378 lazyload\" data-srcset=\"https:\/\/lepetitparc.ca\/mireille\/wp-content\/uploads\/sites\/22\/2024\/10\/thumbnail_IMG_3136-768x1024.jpg 768w, https:\/\/lepetitparc.ca\/mireille\/wp-content\/uploads\/sites\/22\/2024\/10\/thumbnail_IMG_3136-225x300.jpg 225w, https:\/\/lepetitparc.ca\/mireille\/wp-content\/uploads\/sites\/22\/2024\/10\/thumbnail_IMG_3136-1152x1536.jpg 1152w, https:\/\/lepetitparc.ca\/mireille\/wp-content\/uploads\/sites\/22\/2024\/10\/thumbnail_IMG_3136.jpg 1440w\" data-sizes=\"(max-width: 768px) 100vw, 768px\" src=\"data:image\/svg+xml;base64,PHN2ZyB3aWR0aD0iMSIgaGVpZ2h0PSIxIiB4bWxucz0iaHR0cDovL3d3dy53My5vcmcvMjAwMC9zdmciPjwvc3ZnPg==\" style=\"--smush-placeholder-width: 768px; --smush-placeholder-aspect-ratio: 768\/1024;\" \/><\/figure>\n<\/figure>\n\n\n\n<p class=\"wp-block-paragraph\">Quand j\u2019\u00e9tais petite, il me faisait un peu peur. Il semblait se cacher, se d\u00e9rober aux regards. \u00c0 aucun endroit, sur ses berges, on ne pouvait le voir dans son enti\u00e8ret\u00e9. Dans une chaloupe ou un canot, la chose aurait \u00e9t\u00e9 possible, mais comme les sentiers qui le bordent sont escarp\u00e9s, accident\u00e9s et p\u00e9rilleux, personne, du moins \u00e0 ma connaissance, ne s\u2019est jamais risqu\u00e9 \u00e0 y emmener une embarcation. Sauf certains Autochtones, semblerait-il, selon ce que pourrait sugg\u00e9rer la l\u00e9gende.<\/p>\n\n\n\n<figure class=\"wp-block-gallery has-nested-images columns-default is-cropped wp-block-gallery-2 is-layout-flex wp-block-gallery-is-layout-flex\">\n<figure class=\"wp-block-image size-large\"><img decoding=\"async\" width=\"768\" height=\"1024\" data-id=\"380\" data-src=\"https:\/\/lepetitparc.ca\/mireille\/wp-content\/uploads\/sites\/22\/2024\/10\/thumbnail_IMG_3125-1-768x1024.jpg\" alt=\"\" class=\"wp-image-380 lazyload\" data-srcset=\"https:\/\/lepetitparc.ca\/mireille\/wp-content\/uploads\/sites\/22\/2024\/10\/thumbnail_IMG_3125-1-768x1024.jpg 768w, https:\/\/lepetitparc.ca\/mireille\/wp-content\/uploads\/sites\/22\/2024\/10\/thumbnail_IMG_3125-1-225x300.jpg 225w, https:\/\/lepetitparc.ca\/mireille\/wp-content\/uploads\/sites\/22\/2024\/10\/thumbnail_IMG_3125-1-1152x1536.jpg 1152w, https:\/\/lepetitparc.ca\/mireille\/wp-content\/uploads\/sites\/22\/2024\/10\/thumbnail_IMG_3125-1.jpg 1440w\" data-sizes=\"(max-width: 768px) 100vw, 768px\" src=\"data:image\/svg+xml;base64,PHN2ZyB3aWR0aD0iMSIgaGVpZ2h0PSIxIiB4bWxucz0iaHR0cDovL3d3dy53My5vcmcvMjAwMC9zdmciPjwvc3ZnPg==\" style=\"--smush-placeholder-width: 768px; --smush-placeholder-aspect-ratio: 768\/1024;\" \/><\/figure>\n<\/figure>\n\n\n\n<p class=\"wp-block-paragraph\">&nbsp;Le lac a donn\u00e9 son nom au quartier o\u00f9 mes parents ont \u00e9lev\u00e9 leur famille et ont v\u00e9cu pendant &nbsp;plus de 65 ans. J\u2019y ai moi-m\u00eame \u00e9lev\u00e9 ma famille et v\u00e9cu durant la majeure partie de ma vie. C\u2019est pourquoi, m\u00eame si j\u2019aime grandement la mer, les fleuves et les rivi\u00e8res, je suis de par mes racines une \u00ab&nbsp;fille du lac&nbsp;\u00bb\u2026 des f\u00e9es.<\/p>\n\n\n\n<figure class=\"wp-block-image aligncenter size-large is-resized\"><img decoding=\"async\" width=\"1024\" height=\"768\" data-src=\"https:\/\/lepetitparc.ca\/mireille\/wp-content\/uploads\/sites\/22\/2024\/10\/thumbnail_IMG_3126-1-1024x768.jpg\" alt=\"\" class=\"wp-image-385 lazyload\" style=\"--smush-placeholder-width: 1024px; --smush-placeholder-aspect-ratio: 1024\/768;width:341px;height:auto\" data-srcset=\"https:\/\/lepetitparc.ca\/mireille\/wp-content\/uploads\/sites\/22\/2024\/10\/thumbnail_IMG_3126-1-1024x768.jpg 1024w, https:\/\/lepetitparc.ca\/mireille\/wp-content\/uploads\/sites\/22\/2024\/10\/thumbnail_IMG_3126-1-300x225.jpg 300w, https:\/\/lepetitparc.ca\/mireille\/wp-content\/uploads\/sites\/22\/2024\/10\/thumbnail_IMG_3126-1-768x576.jpg 768w, https:\/\/lepetitparc.ca\/mireille\/wp-content\/uploads\/sites\/22\/2024\/10\/thumbnail_IMG_3126-1-1536x1152.jpg 1536w, https:\/\/lepetitparc.ca\/mireille\/wp-content\/uploads\/sites\/22\/2024\/10\/thumbnail_IMG_3126-1.jpg 1920w\" data-sizes=\"(max-width: 1024px) 100vw, 1024px\" src=\"data:image\/svg+xml;base64,PHN2ZyB3aWR0aD0iMSIgaGVpZ2h0PSIxIiB4bWxucz0iaHR0cDovL3d3dy53My5vcmcvMjAwMC9zdmciPjwvc3ZnPg==\" \/><\/figure>\n","protected":false},"excerpt":{"rendered":"<p> C\u2019\u00e9tait au d\u00e9but septembre. Assises au salon, mon amie Em et moi parlions du boulot, de la famille \u00e9largie dont nous faisons partie, des enfants, de nos\u00a0 ami.e.s\u2026 Nous prenions et donnions des nouvelles, en somme.<\/p>\n","protected":false},"author":22,"featured_media":377,"comment_status":"open","ping_status":"open","sticky":false,"template":"","format":"standard","meta":{"_acf_changed":false,"_crdt_document":"","site-sidebar-layout":"default","site-content-layout":"","ast-site-content-layout":"default","site-content-style":"default","site-sidebar-style":"default","ast-global-header-display":"","ast-banner-title-visibility":"","ast-main-header-display":"","ast-hfb-above-header-display":"","ast-hfb-below-header-display":"","ast-hfb-mobile-header-display":"","site-post-title":"","ast-breadcrumbs-content":"","ast-featured-img":"disabled","footer-sml-layout":"","ast-disable-related-posts":"","theme-transparent-header-meta":"","adv-header-id-meta":"","stick-header-meta":"","header-above-stick-meta":"","header-main-stick-meta":"","header-below-stick-meta":"","astra-migrate-meta-layouts":"set","ast-page-background-enabled":"default","ast-page-background-meta":{"desktop":{"background-color":"var(--ast-global-color-4)","background-image":"","background-repeat":"repeat","background-position":"center center","background-size":"auto","background-attachment":"scroll","background-type":"","background-media":"","overlay-type":"","overlay-color":"","overlay-opacity":"","overlay-gradient":""},"tablet":{"background-color":"","background-image":"","background-repeat":"repeat","background-position":"center center","background-size":"auto","background-attachment":"scroll","background-type":"","background-media":"","overlay-type":"","overlay-color":"","overlay-opacity":"","overlay-gradient":""},"mobile":{"background-color":"","background-image":"","background-repeat":"repeat","background-position":"center center","background-size":"auto","background-attachment":"scroll","background-type":"","background-media":"","overlay-type":"","overlay-color":"","overlay-opacity":"","overlay-gradient":""}},"ast-content-background-meta":{"desktop":{"background-color":"var(--ast-global-color-5)","background-image":"","background-repeat":"repeat","background-position":"center center","background-size":"auto","background-attachment":"scroll","background-type":"","background-media":"","overlay-type":"","overlay-color":"","overlay-opacity":"","overlay-gradient":""},"tablet":{"background-color":"var(--ast-global-color-5)","background-image":"","background-repeat":"repeat","background-position":"center center","background-size":"auto","background-attachment":"scroll","background-type":"","background-media":"","overlay-type":"","overlay-color":"","overlay-opacity":"","overlay-gradient":""},"mobile":{"background-color":"var(--ast-global-color-5)","background-image":"","background-repeat":"repeat","background-position":"center center","background-size":"auto","background-attachment":"scroll","background-type":"","background-media":"","overlay-type":"","overlay-color":"","overlay-opacity":"","overlay-gradient":""}},"footnotes":""},"categories":[1],"tags":[87,88,86,89],"taxon-du-petit-parc":[51],"class_list":["post-371","post","type-post","status-publish","format-standard","has-post-thumbnail","hentry","category-non-classe","tag-appartenance","tag-famille","tag-lac-des-fees","tag-racines","taxon-du-petit-parc-racines"],"acf":[],"_links":{"self":[{"href":"https:\/\/lepetitparc.ca\/mireille\/wp-json\/wp\/v2\/posts\/371","targetHints":{"allow":["GET"]}}],"collection":[{"href":"https:\/\/lepetitparc.ca\/mireille\/wp-json\/wp\/v2\/posts"}],"about":[{"href":"https:\/\/lepetitparc.ca\/mireille\/wp-json\/wp\/v2\/types\/post"}],"author":[{"embeddable":true,"href":"https:\/\/lepetitparc.ca\/mireille\/wp-json\/wp\/v2\/users\/22"}],"replies":[{"embeddable":true,"href":"https:\/\/lepetitparc.ca\/mireille\/wp-json\/wp\/v2\/comments?post=371"}],"version-history":[{"count":5,"href":"https:\/\/lepetitparc.ca\/mireille\/wp-json\/wp\/v2\/posts\/371\/revisions"}],"predecessor-version":[{"id":392,"href":"https:\/\/lepetitparc.ca\/mireille\/wp-json\/wp\/v2\/posts\/371\/revisions\/392"}],"wp:featuredmedia":[{"embeddable":true,"href":"https:\/\/lepetitparc.ca\/mireille\/wp-json\/wp\/v2\/media\/377"}],"wp:attachment":[{"href":"https:\/\/lepetitparc.ca\/mireille\/wp-json\/wp\/v2\/media?parent=371"}],"wp:term":[{"taxonomy":"category","embeddable":true,"href":"https:\/\/lepetitparc.ca\/mireille\/wp-json\/wp\/v2\/categories?post=371"},{"taxonomy":"post_tag","embeddable":true,"href":"https:\/\/lepetitparc.ca\/mireille\/wp-json\/wp\/v2\/tags?post=371"},{"taxonomy":"taxon-du-petit-parc","embeddable":true,"href":"https:\/\/lepetitparc.ca\/mireille\/wp-json\/wp\/v2\/taxon-du-petit-parc?post=371"}],"curies":[{"name":"wp","href":"https:\/\/api.w.org\/{rel}","templated":true}]}}