{"id":149,"date":"2024-03-03T13:54:26","date_gmt":"2024-03-03T18:54:26","guid":{"rendered":"https:\/\/lepetitparc.ca\/mathieu\/?p=149"},"modified":"2024-03-03T14:43:14","modified_gmt":"2024-03-03T19:43:14","slug":"exsultate","status":"publish","type":"post","link":"https:\/\/lepetitparc.ca\/mathieu\/2024\/03\/03\/exsultate\/","title":{"rendered":"Exsultate !"},"content":{"rendered":"\n<p class=\"wp-block-paragraph\">Le Ch\u0153ur Nomade *, dont je fais partie, travaille actuellement la pi\u00e8ce <em>Exsultate Jubilate<\/em> (<em>Palladio<\/em>) du compositeur d&rsquo;origine galloise <strong>Karl Jenkins<\/strong>. Il s&rsquo;agit en fait d&rsquo;un arrangement (par Jenkins lui-m\u00eame) pour ch\u0153ur SATB ** du premier mouvement (<em>Allegretto) <\/em>de l\u2019\u0153uvre<em> Palladio <\/em>de Jenkins. On en retrouve d&rsquo;ailleurs sur YouTube plusieurs versions simplement sous le nom <em>Palladio<\/em>.<\/p>\n\n\n\n<p class=\"wp-block-paragraph\">On trouve cette \u0153uvre assez exigeante (surtout pour les <em>sopranos et altos <\/em>) et excitante \u00e0 la fois !<br><br>En attendant notre propre concert, en  voici une belle version enregistr\u00e9e en concert par le ch\u0153ur de chambre fran\u00e7ais <strong>\u00cakh\u00f4 <\/strong>:<br><\/p>\n\n\n\n<figure class=\"wp-block-embed is-type-video is-provider-youtube wp-block-embed-youtube wp-embed-aspect-16-9 wp-has-aspect-ratio\"><div class=\"wp-block-embed__wrapper\">\n<iframe title=\"Exsultate Jubilate - Karl Jenkins | \u00cakh\u00f4 choeur de chambre\" width=\"500\" height=\"281\" data-src=\"https:\/\/www.youtube.com\/embed\/hNYNcQDr598?feature=oembed\" frameborder=\"0\" allow=\"accelerometer; autoplay; clipboard-write; encrypted-media; gyroscope; picture-in-picture; web-share\" referrerpolicy=\"strict-origin-when-cross-origin\" allowfullscreen src=\"data:image\/svg+xml;base64,PHN2ZyB3aWR0aD0iMSIgaGVpZ2h0PSIxIiB4bWxucz0iaHR0cDovL3d3dy53My5vcmcvMjAwMC9zdmciPjwvc3ZnPg==\" class=\"lazyload\" data-load-mode=\"1\"><\/iframe>\n<\/div><\/figure>\n\n\n\n<p class=\"wp-block-paragraph\"><\/p>\n\n\n\n<p class=\"wp-block-paragraph\">Et voici un bel arrangement pour un&nbsp; <strong>orchestre de fl\u00fbtes \u00e0 bec<\/strong> (<em>Berliner Blockfl\u00f6ten Orchester<\/em>)&nbsp; de la m\u00eame pi\u00e8ce&nbsp; (<em>Palladio<\/em>) de Karl Jenkins :<\/p>\n\n\n\n<figure class=\"wp-block-embed is-type-video is-provider-youtube wp-block-embed-youtube wp-embed-aspect-16-9 wp-has-aspect-ratio\"><div class=\"wp-block-embed__wrapper\">\n<iframe title=\"Palladio (Karl Jenkins) Berliner Blockfl\u00f6ten Orchester\" width=\"500\" height=\"281\" data-src=\"https:\/\/www.youtube.com\/embed\/J54okWKhuvY?feature=oembed\" frameborder=\"0\" allow=\"accelerometer; autoplay; clipboard-write; encrypted-media; gyroscope; picture-in-picture; web-share\" referrerpolicy=\"strict-origin-when-cross-origin\" allowfullscreen src=\"data:image\/svg+xml;base64,PHN2ZyB3aWR0aD0iMSIgaGVpZ2h0PSIxIiB4bWxucz0iaHR0cDovL3d3dy53My5vcmcvMjAwMC9zdmciPjwvc3ZnPg==\" class=\"lazyload\" data-load-mode=\"1\"><\/iframe>\n<\/div><\/figure>\n\n\n\n<p class=\"wp-block-paragraph\">C&rsquo;est le premier enregistrement de cet orchestre que j\u2019aie d\u00e9couvert sur YouTube, mais ils en ont publi\u00e9 d&rsquo;autres aussi impressionnants.<br> <br>Admirons au passage les effectifs essentiellement f\u00e9minins de cet orchestre (sauf leur chef !), la virtuosit\u00e9 des solistes, la vari\u00e9t\u00e9 des fl\u00fbtes utilis\u00e9es: sopranino (soliste \u00e0 la fin), sopranos, altos, t\u00e9nors, basses et \u00e0 l&rsquo;arri\u00e8re, la collection de fl\u00fbtes contrebasses, grandes basses et m\u00eame sous-contrebasses modernes de marque <em>Paetzold&nbsp; <\/em>(ces instruments qui semblent construits en <em>L\u00e9gos<\/em> peuvent co\u00fbter au moins US $ 3000 \u00e0 plus de $ 15000 chacun !) <br>Bon, ok, \u00e7a c&rsquo;est peut-\u00eatre plus excitant pour un fl\u00fbtiste comme moi. Je crains ne pas pouvoir me permettre un tel instrument de sit\u00f4t !?<\/p>\n\n\n\n<p class=\"wp-block-paragraph\"><\/p>\n\n\n\n<p class=\"wp-block-paragraph\">Et en prime, un autre arrangement de la m\u00eame pi\u00e8ce par <em>Harmonic Brass, <\/em>un quintette de cuivres allemand.&nbsp; <br>(Ils jouent dans un beau champ de moutarde mais je dirais qu&rsquo;elle et ils ne sont pas \u00ab\u00a0dans le champ\u00a0\u00bb&nbsp; eux non plus!&nbsp; &#8211; sauf que les foutues prises de vue par drone finissent par donner le tournis !) :<\/p>\n\n\n\n<figure class=\"wp-block-embed is-type-video is-provider-youtube wp-block-embed-youtube wp-embed-aspect-16-9 wp-has-aspect-ratio\"><div class=\"wp-block-embed__wrapper\">\n<iframe title=\"Palladio (Karl Jenkins) - Harmonic Brass\" width=\"500\" height=\"281\" data-src=\"https:\/\/www.youtube.com\/embed\/X5meFKe1fhs?feature=oembed\" frameborder=\"0\" allow=\"accelerometer; autoplay; clipboard-write; encrypted-media; gyroscope; picture-in-picture; web-share\" referrerpolicy=\"strict-origin-when-cross-origin\" allowfullscreen src=\"data:image\/svg+xml;base64,PHN2ZyB3aWR0aD0iMSIgaGVpZ2h0PSIxIiB4bWxucz0iaHR0cDovL3d3dy53My5vcmcvMjAwMC9zdmciPjwvc3ZnPg==\" class=\"lazyload\" data-load-mode=\"1\"><\/iframe>\n<\/div><\/figure>\n\n\n\n<p class=\"wp-block-paragraph\"><br>Il me semble que toute cette belle musique permet <em>d&rsquo;exulter et de jubiler <\/em>un peu, non ?<\/p>\n\n\n\n<p class=\"wp-block-paragraph\"><\/p>\n\n\n\n<ul class=\"wp-block-list\">\n<li>\u00c0 noter que le <strong>Ch\u0153ur Nomade<\/strong> compte pr\u00e9senter cette pi\u00e8ce lors de son concert de fin de session, le <strong>dimanche 9 juin<\/strong> prochain. (\u00c0 Gatineau, \u00e0 l&rsquo;\u00e9glise Note-Dame-de-la-Guadeloupe.) <br>Je vous en reparlerai plus pr\u00e8s de l&rsquo;\u00e9v\u00e9nement.<br>** Et pour les non-initi\u00e9s, <strong><em>SATB <\/em><\/strong>= Sopranos-Altos-T\u00e9nors-Basses, les quatre parties habituelles d&rsquo;un ch\u0153ur \u00e0 voix mixtes.<\/li>\n<\/ul>\n\n\n\n<p class=\"wp-block-paragraph\"><\/p>\n","protected":false},"excerpt":{"rendered":"<p>Le Ch\u0153ur Nomade, dont je fais partie, travaille actuellement la pi\u00e8ce Exsultate Jubilate (Palladio) du compositeur d&rsquo;origine galloise Karl Jenkins.<br \/>\nEn voici quelques arrangements.<\/p>\n","protected":false},"author":27,"featured_media":158,"comment_status":"open","ping_status":"open","sticky":true,"template":"","format":"standard","meta":{"_acf_changed":false,"_crdt_document":"","site-sidebar-layout":"default","site-content-layout":"","ast-site-content-layout":"default","site-content-style":"default","site-sidebar-style":"default","ast-global-header-display":"","ast-banner-title-visibility":"","ast-main-header-display":"","ast-hfb-above-header-display":"","ast-hfb-below-header-display":"","ast-hfb-mobile-header-display":"","site-post-title":"","ast-breadcrumbs-content":"","ast-featured-img":"disabled","footer-sml-layout":"","ast-disable-related-posts":"","theme-transparent-header-meta":"","adv-header-id-meta":"","stick-header-meta":"","header-above-stick-meta":"","header-main-stick-meta":"","header-below-stick-meta":"","astra-migrate-meta-layouts":"set","ast-page-background-enabled":"default","ast-page-background-meta":{"desktop":{"background-color":"var(--ast-global-color-4)","background-image":"","background-repeat":"repeat","background-position":"center center","background-size":"auto","background-attachment":"scroll","background-type":"","background-media":"","overlay-type":"","overlay-color":"","overlay-opacity":"","overlay-gradient":""},"tablet":{"background-color":"","background-image":"","background-repeat":"repeat","background-position":"center center","background-size":"auto","background-attachment":"scroll","background-type":"","background-media":"","overlay-type":"","overlay-color":"","overlay-opacity":"","overlay-gradient":""},"mobile":{"background-color":"","background-image":"","background-repeat":"repeat","background-position":"center center","background-size":"auto","background-attachment":"scroll","background-type":"","background-media":"","overlay-type":"","overlay-color":"","overlay-opacity":"","overlay-gradient":""}},"ast-content-background-meta":{"desktop":{"background-color":"var(--ast-global-color-5)","background-image":"","background-repeat":"repeat","background-position":"center center","background-size":"auto","background-attachment":"scroll","background-type":"","background-media":"","overlay-type":"","overlay-color":"","overlay-opacity":"","overlay-gradient":""},"tablet":{"background-color":"var(--ast-global-color-5)","background-image":"","background-repeat":"repeat","background-position":"center center","background-size":"auto","background-attachment":"scroll","background-type":"","background-media":"","overlay-type":"","overlay-color":"","overlay-opacity":"","overlay-gradient":""},"mobile":{"background-color":"var(--ast-global-color-5)","background-image":"","background-repeat":"repeat","background-position":"center center","background-size":"auto","background-attachment":"scroll","background-type":"","background-media":"","overlay-type":"","overlay-color":"","overlay-opacity":"","overlay-gradient":""}},"footnotes":""},"categories":[34,4,33,8],"tags":[35,36],"taxon-du-petit-parc":[18],"class_list":["post-149","post","type-post","status-publish","format-standard","has-post-thumbnail","hentry","category-flute-a-bec","category-musique","category-musique-chorale","category-promenade-musicale","tag-chorale","tag-flute-a-bec","taxon-du-petit-parc-arts"],"acf":[],"_links":{"self":[{"href":"https:\/\/lepetitparc.ca\/mathieu\/wp-json\/wp\/v2\/posts\/149","targetHints":{"allow":["GET"]}}],"collection":[{"href":"https:\/\/lepetitparc.ca\/mathieu\/wp-json\/wp\/v2\/posts"}],"about":[{"href":"https:\/\/lepetitparc.ca\/mathieu\/wp-json\/wp\/v2\/types\/post"}],"author":[{"embeddable":true,"href":"https:\/\/lepetitparc.ca\/mathieu\/wp-json\/wp\/v2\/users\/27"}],"replies":[{"embeddable":true,"href":"https:\/\/lepetitparc.ca\/mathieu\/wp-json\/wp\/v2\/comments?post=149"}],"version-history":[{"count":9,"href":"https:\/\/lepetitparc.ca\/mathieu\/wp-json\/wp\/v2\/posts\/149\/revisions"}],"predecessor-version":[{"id":161,"href":"https:\/\/lepetitparc.ca\/mathieu\/wp-json\/wp\/v2\/posts\/149\/revisions\/161"}],"wp:featuredmedia":[{"embeddable":true,"href":"https:\/\/lepetitparc.ca\/mathieu\/wp-json\/wp\/v2\/media\/158"}],"wp:attachment":[{"href":"https:\/\/lepetitparc.ca\/mathieu\/wp-json\/wp\/v2\/media?parent=149"}],"wp:term":[{"taxonomy":"category","embeddable":true,"href":"https:\/\/lepetitparc.ca\/mathieu\/wp-json\/wp\/v2\/categories?post=149"},{"taxonomy":"post_tag","embeddable":true,"href":"https:\/\/lepetitparc.ca\/mathieu\/wp-json\/wp\/v2\/tags?post=149"},{"taxonomy":"taxon-du-petit-parc","embeddable":true,"href":"https:\/\/lepetitparc.ca\/mathieu\/wp-json\/wp\/v2\/taxon-du-petit-parc?post=149"}],"curies":[{"name":"wp","href":"https:\/\/api.w.org\/{rel}","templated":true}]}}