{"id":855,"date":"2025-04-04T10:55:33","date_gmt":"2025-04-04T14:55:33","guid":{"rendered":"https:\/\/lepetitparc.ca\/manu\/?p=855"},"modified":"2025-04-07T09:01:32","modified_gmt":"2025-04-07T13:01:32","slug":"serie-lappel-a-la-pluie-episodes-1-a-9","status":"publish","type":"post","link":"https:\/\/lepetitparc.ca\/manu\/2025\/04\/04\/serie-lappel-a-la-pluie-episodes-1-a-9\/","title":{"rendered":"S\u00e9rie \u00ab\u00a0l&rsquo;Appel \u00e0 la pluie\u00a0\u00bb, \u00e9pisodes 1 \u00e0 9"},"content":{"rendered":"<div class=\"wp-block-image\">\n<figure class=\"aligncenter size-full is-resized\"><img fetchpriority=\"high\" decoding=\"async\" width=\"595\" height=\"830\" src=\"https:\/\/lepetitparc.ca\/manu\/wp-content\/uploads\/sites\/3\/2025\/04\/AppelPluie-Annonce.png\" alt=\"\" class=\"wp-image-856\" style=\"width:343px;height:auto\" srcset=\"https:\/\/lepetitparc.ca\/manu\/wp-content\/uploads\/sites\/3\/2025\/04\/AppelPluie-Annonce.png 595w, https:\/\/lepetitparc.ca\/manu\/wp-content\/uploads\/sites\/3\/2025\/04\/AppelPluie-Annonce-215x300.png 215w\" sizes=\"(max-width: 595px) 100vw, 595px\" \/><\/figure>\n<\/div>\n\n\n<h4 class=\"wp-block-heading has-text-align-center\">\u00c9pisodes de 1 \u00e0 3<\/h4>\n\n\n\n<figure class=\"wp-block-embed is-type-video is-provider-vimeo wp-block-embed-vimeo wp-embed-aspect-4-3 wp-has-aspect-ratio\"><div class=\"wp-block-embed__wrapper\">\n<iframe title=\"S\u00e9rie web l&#039;Appel \u00e0 la pluie - \u00c9pisodes de 1 \u00e0 3\" data-src=\"https:\/\/player.vimeo.com\/video\/1072531540?dnt=1&amp;app_id=122963\" width=\"620\" height=\"465\" frameborder=\"0\" allow=\"autoplay; fullscreen; picture-in-picture; clipboard-write; encrypted-media\" src=\"data:image\/svg+xml;base64,PHN2ZyB3aWR0aD0iMSIgaGVpZ2h0PSIxIiB4bWxucz0iaHR0cDovL3d3dy53My5vcmcvMjAwMC9zdmciPjwvc3ZnPg==\" class=\"lazyload\" data-load-mode=\"1\"><\/iframe>\n<\/div><\/figure>\n\n\n\n<p class=\"wp-block-paragraph\">\u00c9pisodes 1 et 2 &#8211; Une femme, seule, sur le pont d&rsquo;un navire.<\/p>\n\n\n\n<p class=\"wp-block-paragraph\">Dans la trentaine avanc\u00e9e, elle se questionne sur le sens de sa vie.<br>Br\u00e8ves r\u00e9miniscences de son enfance, comme si elle avait oubli\u00e9 quelque chose :<\/p>\n\n\n\n<p class=\"wp-block-paragraph\">\u00ab\u00a0Cherche encore\u2026\u00a0\u00bb<\/p>\n\n\n\n<p class=\"wp-block-paragraph\">\u00ab\u00a0\u00c7a devait \u00eatre il y a longtemps\u2026\u00a0\u00bb<\/p>\n\n\n\n<p class=\"wp-block-paragraph\">\u00ab\u00a0Tu \u00e9tais toute petite.\u00a0\u00bb<\/p>\n\n\n\n<p class=\"wp-block-paragraph\">\u00ab\u00a0Tu te souviens de rien?\u00a0\u00bb<\/p>\n\n\n\n<p class=\"wp-block-paragraph\">Une sensation de vide, de manque\u2026<\/p>\n\n\n\n<p class=\"wp-block-paragraph\"><\/p>\n\n\n\n<p class=\"wp-block-paragraph\">3 &#8211; Nous retrouvons la femme aper\u00e7ue sur le pont d&rsquo;un navire. Devant la sensation d&rsquo;une vie vide de sens, en situation d&rsquo;impasse, elle d\u00e9veloppe un r\u00e9flexe intuitif : Sortir!<\/p>\n\n\n\n<p class=\"wp-block-paragraph\">Sortir de chez elle, sortir du carcan d&rsquo;une existence bien r\u00e9gl\u00e9e. Sortir \u00e0 tout prix, peu importe o\u00f9, faire un premier pas vers l&rsquo;inconnu. Du coup elle retrouve une certaine curiosit\u00e9, une certaine acuit\u00e9 dans le regard, une disponibilit\u00e9 d&rsquo;esprit qu&rsquo;elle avait perdue au sortir de l&rsquo;enfance.<\/p>\n\n\n\n<hr class=\"wp-block-separator has-alpha-channel-opacity\" \/>\n\n\n\n<h4 class=\"wp-block-heading has-text-align-center\">\u00c9pisodes de 4 \u00e0 6<\/h4>\n\n\n\n<figure class=\"wp-block-embed is-type-video is-provider-vimeo wp-block-embed-vimeo wp-embed-aspect-4-3 wp-has-aspect-ratio\"><div class=\"wp-block-embed__wrapper\">\n<iframe title=\"L&#039;Appel \u00e0 la pluie - \u00c9pisodes de 4 \u00e0 6\" data-src=\"https:\/\/player.vimeo.com\/video\/1072541855?dnt=1&amp;app_id=122963\" width=\"620\" height=\"465\" frameborder=\"0\" allow=\"autoplay; fullscreen; picture-in-picture; clipboard-write; encrypted-media\" src=\"data:image\/svg+xml;base64,PHN2ZyB3aWR0aD0iMSIgaGVpZ2h0PSIxIiB4bWxucz0iaHR0cDovL3d3dy53My5vcmcvMjAwMC9zdmciPjwvc3ZnPg==\" class=\"lazyload\" data-load-mode=\"1\"><\/iframe>\n<\/div><\/figure>\n\n\n\n<p class=\"wp-block-paragraph\">1 &#8211; Un homme visite un barrage en compagnie du chef de chantier qui lui explique les r\u00e9novations en cours. La sc\u00e8ne se passe sous la pluie battante.<\/p>\n\n\n\n<p class=\"wp-block-paragraph\">2 &#8211; On entend la voix de la femme (on ne connait pas encore son nom) qui raconte \u00e0 une amie comment elle a rencontr\u00e9 Alex, l&rsquo;homme qu&rsquo;on a aper\u00e7u dans l&rsquo;\u00e9pisode pr\u00e9c\u00e9dant.<\/p>\n\n\n\n<p class=\"wp-block-paragraph\">3 &#8211; Un interm\u00e8de po\u00e9tique sur les \u00e9cluses.<\/p>\n\n\n\n<hr class=\"wp-block-separator has-alpha-channel-opacity\" \/>\n\n\n\n<h4 class=\"wp-block-heading has-text-align-center\">\u00c9pisodes de 7 \u00e0 9<\/h4>\n\n\n\n<figure class=\"wp-block-embed is-type-video is-provider-vimeo wp-block-embed-vimeo wp-embed-aspect-4-3 wp-has-aspect-ratio\"><div class=\"wp-block-embed__wrapper\">\n<iframe title=\"L&#039;Appel \u00e0 la pluie - \u00c9pisodes de 7 \u00e0 9\" data-src=\"https:\/\/player.vimeo.com\/video\/1072547455?dnt=1&amp;app_id=122963\" width=\"620\" height=\"465\" frameborder=\"0\" allow=\"autoplay; fullscreen; picture-in-picture; clipboard-write; encrypted-media\" src=\"data:image\/svg+xml;base64,PHN2ZyB3aWR0aD0iMSIgaGVpZ2h0PSIxIiB4bWxucz0iaHR0cDovL3d3dy53My5vcmcvMjAwMC9zdmciPjwvc3ZnPg==\" class=\"lazyload\" data-load-mode=\"1\"><\/iframe>\n<\/div><\/figure>\n\n\n\n<p class=\"wp-block-paragraph\">1- On commence \u00e0 en apprendre un peu plus!<br>D&rsquo;une sc\u00e8ne \u00e0 l&rsquo;autre, on d\u00e9couvre progressivement les personnages. Comme dans la vie on en apprend un peu plus sur les personnes au fur et \u00e0 mesure qu&rsquo;on les fr\u00e9quente!<\/p>\n\n\n\n<p class=\"wp-block-paragraph\">2- Alex se rend chez un ami voir une moto entrepos\u00e9e dans une grange. Il se cherche un v\u00e9hicule pour continuer les explorations des \u00e9cluses pendant qu&rsquo;il laisse sa voiture \u00e0 sa compagne.<\/p>\n\n\n\n<p class=\"wp-block-paragraph\">3- Alex a emprunt\u00e9 un camion et ils prennent la route. Plus \u00e7a va, plus on se demande ce qui les motivent \u00e0 voyager ensemble?<\/p>\n\n\n\n<p class=\"wp-block-paragraph\">Certainement un certain vide existentiel, une recherche d&rsquo;autre chose, un besoin d&rsquo;entreprendre quelque chose de nouveau, de d\u00e9couvrir\u2026<\/p>\n\n\n\n<p class=\"wp-block-paragraph\">Ils semblent partager une certaine affinit\u00e9 dans cette qu\u00eate commune, celle de sortir des cadres de leurs vies quotidiennes. Comme si ces cadres \u00e9taient devenus trop \u00e9troits.<\/p>\n\n\n\n<p class=\"wp-block-paragraph\">Mais dans les faits, leurs fa\u00e7ons de penser et leurs int\u00e9r\u00eats profonds sont diam\u00e9tralement oppos\u00e9s. Et quand ils tentent d&rsquo;\u00e9changer sur ce qui les int\u00e9ressent, ils ne se comprennent tout simplement pas.<\/p>\n\n\n\n<p class=\"wp-block-paragraph\">\u00c0 suivre toutes les semaines sur Facebook :<br><a href=\"https:\/\/www.facebook.com\/profile.php?id=100008235878004\">https:\/\/www.facebook.com\/profile.php?id=100008235878004<\/a><\/p>\n\n\n\n<p class=\"wp-block-paragraph\">&#8230;ou le mois prochain sur le Petit Parc!<\/p>\n\n\n\n<hr class=\"wp-block-separator has-alpha-channel-opacity\" \/>\n","protected":false},"excerpt":{"rendered":"<p>\u00c9pisodes de 1 \u00e0 3 \u00c9pisodes 1 et 2 &#8211; Une femme, seule, sur le pont d&rsquo;un navire. Dans la trentaine avanc\u00e9e, elle se questionne sur le sens de sa vie.Br\u00e8ves r\u00e9miniscences de son enfance, comme si elle avait oubli\u00e9 quelque chose : \u00ab\u00a0Cherche encore\u2026\u00a0\u00bb \u00ab\u00a0\u00c7a devait \u00eatre il y a longtemps\u2026\u00a0\u00bb \u00ab\u00a0Tu \u00e9tais toute<a class=\"more-link\" href=\"https:\/\/lepetitparc.ca\/manu\/2025\/04\/04\/serie-lappel-a-la-pluie-episodes-1-a-9\/\">Continue reading <span class=\"screen-reader-text\">\u00ab\u00a0S\u00e9rie \u00ab\u00a0l&rsquo;Appel \u00e0 la pluie\u00a0\u00bb, \u00e9pisodes 1 \u00e0 9&Prime;<\/span><\/a><\/p>\n","protected":false},"author":3,"featured_media":858,"comment_status":"open","ping_status":"open","sticky":false,"template":"","format":"standard","meta":{"_acf_changed":false,"_crdt_document":"","disable_featured_image":true,"footnotes":""},"categories":[1,198],"tags":[200,195],"taxon-du-petit-parc":[155],"class_list":["post-855","post","type-post","status-publish","format-standard","has-post-thumbnail","hentry","category-non-classe","category-serie-web-lappel-a-la-pluie","tag-appel-a-la-pluie","tag-video","taxon-du-petit-parc-arts","entry"],"acf":[],"_links":{"self":[{"href":"https:\/\/lepetitparc.ca\/manu\/wp-json\/wp\/v2\/posts\/855","targetHints":{"allow":["GET"]}}],"collection":[{"href":"https:\/\/lepetitparc.ca\/manu\/wp-json\/wp\/v2\/posts"}],"about":[{"href":"https:\/\/lepetitparc.ca\/manu\/wp-json\/wp\/v2\/types\/post"}],"author":[{"embeddable":true,"href":"https:\/\/lepetitparc.ca\/manu\/wp-json\/wp\/v2\/users\/3"}],"replies":[{"embeddable":true,"href":"https:\/\/lepetitparc.ca\/manu\/wp-json\/wp\/v2\/comments?post=855"}],"version-history":[{"count":3,"href":"https:\/\/lepetitparc.ca\/manu\/wp-json\/wp\/v2\/posts\/855\/revisions"}],"predecessor-version":[{"id":860,"href":"https:\/\/lepetitparc.ca\/manu\/wp-json\/wp\/v2\/posts\/855\/revisions\/860"}],"wp:featuredmedia":[{"embeddable":true,"href":"https:\/\/lepetitparc.ca\/manu\/wp-json\/wp\/v2\/media\/858"}],"wp:attachment":[{"href":"https:\/\/lepetitparc.ca\/manu\/wp-json\/wp\/v2\/media?parent=855"}],"wp:term":[{"taxonomy":"category","embeddable":true,"href":"https:\/\/lepetitparc.ca\/manu\/wp-json\/wp\/v2\/categories?post=855"},{"taxonomy":"post_tag","embeddable":true,"href":"https:\/\/lepetitparc.ca\/manu\/wp-json\/wp\/v2\/tags?post=855"},{"taxonomy":"taxon-du-petit-parc","embeddable":true,"href":"https:\/\/lepetitparc.ca\/manu\/wp-json\/wp\/v2\/taxon-du-petit-parc?post=855"}],"curies":[{"name":"wp","href":"https:\/\/api.w.org\/{rel}","templated":true}]}}