{"id":413,"date":"2022-12-03T21:27:35","date_gmt":"2022-12-04T02:27:35","guid":{"rendered":"https:\/\/lepetitparc.ca\/manu\/?p=413"},"modified":"2022-12-05T19:27:26","modified_gmt":"2022-12-06T00:27:26","slug":"les-petits-miracles-du-dep-hommage","status":"publish","type":"post","link":"https:\/\/lepetitparc.ca\/manu\/2022\/12\/03\/les-petits-miracles-du-dep-hommage\/","title":{"rendered":"Les petits miracles du dep &#8211; Hommage"},"content":{"rendered":"<div class=\"wp-block-image\">\n<figure class=\"aligncenter size-large\"><img fetchpriority=\"high\" decoding=\"async\" width=\"792\" height=\"1024\" src=\"https:\/\/lepetitparc.ca\/manu\/wp-content\/uploads\/sites\/3\/2022\/12\/hommage-entraide-792x1024.jpg\" alt=\"\" class=\"wp-image-414\" srcset=\"https:\/\/lepetitparc.ca\/manu\/wp-content\/uploads\/sites\/3\/2022\/12\/hommage-entraide-792x1024.jpg 792w, https:\/\/lepetitparc.ca\/manu\/wp-content\/uploads\/sites\/3\/2022\/12\/hommage-entraide-232x300.jpg 232w, https:\/\/lepetitparc.ca\/manu\/wp-content\/uploads\/sites\/3\/2022\/12\/hommage-entraide-768x993.jpg 768w, https:\/\/lepetitparc.ca\/manu\/wp-content\/uploads\/sites\/3\/2022\/12\/hommage-entraide-1187x1536.jpg 1187w, https:\/\/lepetitparc.ca\/manu\/wp-content\/uploads\/sites\/3\/2022\/12\/hommage-entraide.jpg 1233w\" sizes=\"(max-width: 792px) 100vw, 792px\" \/><\/figure>\n<\/div>\n\n\n<p class=\"wp-block-paragraph\"><\/p>\n\n\n\n<p class=\"wp-block-paragraph\">Lui : Un ancien fonctionnaire au f\u00e9d\u00e9ral. \u00c0 la suite d&rsquo;un AVC, il se retrouve dans un programme de r\u00e9insertion au d\u00e9panneur Sylvestre avec un groupe d&rsquo;autres personnes partageant des conditions similaires.<\/p>\n\n\n\n<p class=\"wp-block-paragraph\">Elle : Impliqu\u00e9e dans l&rsquo;\u00e9quipe du d\u00e9panneur depuis de nombreuses ann\u00e9es, ancienne responsable du comit\u00e9 de soutien du dep, et en perte de mobilit\u00e9 due \u00e0 la progression de la scl\u00e9rose en plaques qui affecte l&rsquo;ensemble de ses capacit\u00e9s.<\/p>\n\n\n\n<p class=\"wp-block-paragraph\">Ils se rencontrent lors d&rsquo;un souper communautaire au d\u00e9panneur. Il s&rsquo;aper\u00e7oit alors qu&rsquo;elle est en chaise roulante et lui offre de l&rsquo;assister.<\/p>\n\n\n\n<p class=\"wp-block-paragraph\">Peu apr\u00e8s, lorsqu&rsquo;une partie de l&rsquo;\u00e9quipe du dep d\u00e9cide de se rendre au Forum social mondial \u00e0 Montr\u00e9al en \u00e9t\u00e9 2016, ils rel\u00e8vent ensemble le d\u00e9fi d&rsquo;y participer malgr\u00e9 les obstacles dus aux handicaps. Et l&rsquo;on aper\u00e7oit le joyeux duo se rendre \u00e0 diverses activit\u00e9s, surmontant les emb\u00fbches et les nombreux probl\u00e8mes de manque d&rsquo;accessibilit\u00e9.<\/p>\n\n\n\n<p class=\"wp-block-paragraph\">Depuis, ils participent ensemble \u00e0 divers \u00e9v\u00e9nements. Il la transporte dans un v\u00e9hicule adapt\u00e9 \u00e0 toute heure du jour, hiver comme \u00e9t\u00e9, fait ses achats, lui fait assister par FaceTime \u00e0 des pr\u00e9sentations auxquelles elle ne peut se rendre en personne, et s&rsquo;occupe de toutes sortes de petits probl\u00e8mes comme appeler les pompiers lorsque son monte-personne reste coinc\u00e9 durant les grands froids.<\/p>\n\n\n\n<p class=\"wp-block-paragraph\">De son c\u00f4t\u00e9, elle l&rsquo;assiste dans une \u00e9coute \u00e0 ses d\u00e9fis et orientations de vie. Une amiti\u00e9 unique d&rsquo;attention \u00e0 l&rsquo;autre se tisse au travers des vuln\u00e9rabilit\u00e9s partag\u00e9es. Amiti\u00e9 qui persistera \u00e0 distance, lui \u00e9tant retourn\u00e9 r\u00e9cemment dans sa r\u00e9gion natale de Qu\u00e9bec.<\/p>\n\n\n\n<p class=\"wp-block-paragraph\">Si nous racontons cette histoire en guise d&rsquo;hommage, c&rsquo;est qu&rsquo;\u00e0 notre avis elle illustre bien les \u00ab\u00a0petits miracles du d\u00e9panneur\u00a0\u00bb, lorsque dans une atmosph\u00e8re de don et d&rsquo;entraide, l&rsquo;inesp\u00e9r\u00e9 se r\u00e9alise sans qu&rsquo;on l&rsquo;ai planifi\u00e9!<\/p>\n","protected":false},"excerpt":{"rendered":"<p>Si nous racontons cette histoire en guise d&rsquo;hommage, c&rsquo;est qu&rsquo;\u00e0 notre avis elle illustre bien les \u00ab\u00a0petits miracles du d\u00e9panneur\u00a0\u00bb, lorsque dans une atmosph\u00e8re de don et d&rsquo;entraide, l&rsquo;inesp\u00e9r\u00e9 se r\u00e9alise sans qu&rsquo;on l&rsquo;ai planifi\u00e9!<\/p>\n","protected":false},"author":3,"featured_media":414,"comment_status":"open","ping_status":"open","sticky":false,"template":"","format":"standard","meta":{"_acf_changed":false,"_crdt_document":"","disable_featured_image":true,"footnotes":""},"categories":[11],"tags":[12,113],"taxon-du-petit-parc":[],"class_list":["post-413","post","type-post","status-publish","format-standard","has-post-thumbnail","hentry","category-raconter-le-depanneur","tag-depanneur-sylvestre","tag-entraide","entry"],"acf":[],"_links":{"self":[{"href":"https:\/\/lepetitparc.ca\/manu\/wp-json\/wp\/v2\/posts\/413","targetHints":{"allow":["GET"]}}],"collection":[{"href":"https:\/\/lepetitparc.ca\/manu\/wp-json\/wp\/v2\/posts"}],"about":[{"href":"https:\/\/lepetitparc.ca\/manu\/wp-json\/wp\/v2\/types\/post"}],"author":[{"embeddable":true,"href":"https:\/\/lepetitparc.ca\/manu\/wp-json\/wp\/v2\/users\/3"}],"replies":[{"embeddable":true,"href":"https:\/\/lepetitparc.ca\/manu\/wp-json\/wp\/v2\/comments?post=413"}],"version-history":[{"count":3,"href":"https:\/\/lepetitparc.ca\/manu\/wp-json\/wp\/v2\/posts\/413\/revisions"}],"predecessor-version":[{"id":417,"href":"https:\/\/lepetitparc.ca\/manu\/wp-json\/wp\/v2\/posts\/413\/revisions\/417"}],"wp:featuredmedia":[{"embeddable":true,"href":"https:\/\/lepetitparc.ca\/manu\/wp-json\/wp\/v2\/media\/414"}],"wp:attachment":[{"href":"https:\/\/lepetitparc.ca\/manu\/wp-json\/wp\/v2\/media?parent=413"}],"wp:term":[{"taxonomy":"category","embeddable":true,"href":"https:\/\/lepetitparc.ca\/manu\/wp-json\/wp\/v2\/categories?post=413"},{"taxonomy":"post_tag","embeddable":true,"href":"https:\/\/lepetitparc.ca\/manu\/wp-json\/wp\/v2\/tags?post=413"},{"taxonomy":"taxon-du-petit-parc","embeddable":true,"href":"https:\/\/lepetitparc.ca\/manu\/wp-json\/wp\/v2\/taxon-du-petit-parc?post=413"}],"curies":[{"name":"wp","href":"https:\/\/api.w.org\/{rel}","templated":true}]}}