{"id":37,"date":"2022-01-28T01:24:24","date_gmt":"2022-01-28T06:24:24","guid":{"rendered":"https:\/\/lepetitparc.ca\/manu\/?p=37"},"modified":"2022-01-28T01:44:38","modified_gmt":"2022-01-28T06:44:38","slug":"raconter-le-depanneur-sylvestre","status":"publish","type":"post","link":"https:\/\/lepetitparc.ca\/manu\/2022\/01\/28\/raconter-le-depanneur-sylvestre\/","title":{"rendered":"Raconter le d\u00e9panneur Sylvestre"},"content":{"rendered":"\n<p class=\"has-text-color has-large-font-size wp-block-paragraph\" style=\"color:#8f8f8f\"><em>Imaginez si votre d\u00e9panneur (ou \u00e9picerie) du coin se transformait, pour devenir un espace o\u00f9 le mot \u00ab&nbsp;d\u00e9panner&nbsp;\u00bb prend tout son sens, un mobilisateur d\u2019entraide collective et de solidarit\u00e9 au-del\u00e0 des fronti\u00e8res, un lieu de rencontre et d\u2019inclusion accessible \u00e0 toutes et \u00e0 tous sans discrimination.&nbsp;<\/em><\/p>\n\n\n\n<div class=\"wp-block-image\"><figure class=\"aligncenter size-full\"><img fetchpriority=\"high\" decoding=\"async\" width=\"450\" height=\"263\" src=\"https:\/\/lepetitparc.ca\/manu\/wp-content\/uploads\/sites\/3\/2022\/01\/DiapoDep-4-450-tr.png\" alt=\"\" class=\"wp-image-90\" srcset=\"https:\/\/lepetitparc.ca\/manu\/wp-content\/uploads\/sites\/3\/2022\/01\/DiapoDep-4-450-tr.png 450w, https:\/\/lepetitparc.ca\/manu\/wp-content\/uploads\/sites\/3\/2022\/01\/DiapoDep-4-450-tr-300x175.png 300w\" sizes=\"(max-width: 450px) 100vw, 450px\" \/><figcaption>Activit\u00e9 de rue au d\u00e9panneur Sylvestre lors d&rsquo;une f\u00eate de quartier<\/figcaption><\/figure><\/div>\n\n\n\n<p class=\"wp-block-paragraph\">Le d\u00e9panneur Sylvestre est une initiative citoyenne d\u2019entraide, de solidarit\u00e9 et d\u2019inclusion qui a vu le jour en 2002 \u00e0 Gatineau. <\/p>\n\n\n\n<p class=\"wp-block-paragraph\">En r\u00e9sum\u00e9, l\u2019histoire du \u00ab&nbsp;dep&nbsp;\u00bb, c\u2019est plus de 10 000 soupers et brunchs \u00e0 contribution libre servis \u00e0 des tables communes o\u00f9 se c\u00f4toient toutes les couches de la soci\u00e9t\u00e9, au-del\u00e0 d\u2019un millier de soir\u00e9es-spectacles, conf\u00e9rences, rencontres th\u00e9matiques, pr\u00e9sentations de films, ateliers divers, c\u00e9l\u00e9brations ou autres \u00e9v\u00e9nements&nbsp;\u00e0 port\u00e9e sociale et culturelle, tous \u00e0 entr\u00e9e libre, ainsi que plusieurs activit\u00e9s orient\u00e9es vers l\u2019alimentation saine, une petite friperie, diverses formes d\u2019assistance et petits d\u00e9pannages, \u2026et tout cela sans subvention au fonctionnement.<\/p>\n\n\n\n<h4 class=\"has-text-align-center wp-block-heading\" id=\"raconter-l-histoire-de-depanneur-sylvestre-en-images-et-temoignages\">Raconter l\u2019histoire de d\u00e9panneur Sylvestre, en images et t\u00e9moignages!\n<\/h4>\n\n\n\n<p class=\"wp-block-paragraph\">Pour celles et ceux qui connaissent le d\u00e9panneur Sylvestre, et tout autant pour les personnes qui en ont jamais entendu parler, nous avons d\u00e9cid\u00e9 d&rsquo;essayer de retracer son histoire, \u00ab\u00a0une image \u00e0 la fois\u00a0\u00bb!<\/p>\n\n\n\n<p class=\"wp-block-paragraph\">Et plut\u00f4t que de r\u00e9diger le r\u00e9cit de fa\u00e7on lin\u00e9aire et dans l\u2019ordre chronologique, nous avons choisi de commencer par la mise en valeur des petits instants de vie partag\u00e9e qui ont fait la richesse de cette aventure citoyenne. Et de reconstituer ainsi, petit \u00e0 petit, les \u00e9tapes de cette initiative communautaire multidimensionnelle!<\/p>\n\n\n\n<h3 class=\"has-text-align-center wp-block-heading\" id=\"une-naissance-dans-la-fragilite-et-la-precarite\">Une naissance dans la fragilit\u00e9 et la pr\u00e9carit\u00e9<\/h3>\n\n\n\n<figure class=\"wp-block-image size-large\"><img decoding=\"async\" width=\"1024\" height=\"724\" data-src=\"https:\/\/lepetitparc.ca\/manu\/wp-content\/uploads\/sites\/3\/2022\/01\/VientDeNaitre-cache-tr-1-1024x724.png\" alt=\"\" class=\"wp-image-94 lazyload\" data-srcset=\"https:\/\/lepetitparc.ca\/manu\/wp-content\/uploads\/sites\/3\/2022\/01\/VientDeNaitre-cache-tr-1-1024x724.png 1024w, https:\/\/lepetitparc.ca\/manu\/wp-content\/uploads\/sites\/3\/2022\/01\/VientDeNaitre-cache-tr-1-300x212.png 300w, https:\/\/lepetitparc.ca\/manu\/wp-content\/uploads\/sites\/3\/2022\/01\/VientDeNaitre-cache-tr-1-768x543.png 768w, https:\/\/lepetitparc.ca\/manu\/wp-content\/uploads\/sites\/3\/2022\/01\/VientDeNaitre-cache-tr-1-1536x1087.png 1536w, https:\/\/lepetitparc.ca\/manu\/wp-content\/uploads\/sites\/3\/2022\/01\/VientDeNaitre-cache-tr-1-1568x1109.png 1568w, https:\/\/lepetitparc.ca\/manu\/wp-content\/uploads\/sites\/3\/2022\/01\/VientDeNaitre-cache-tr-1.png 2000w\" data-sizes=\"(max-width: 1024px) 100vw, 1024px\" src=\"data:image\/svg+xml;base64,PHN2ZyB3aWR0aD0iMSIgaGVpZ2h0PSIxIiB4bWxucz0iaHR0cDovL3d3dy53My5vcmcvMjAwMC9zdmciPjwvc3ZnPg==\" style=\"--smush-placeholder-width: 1024px; --smush-placeholder-aspect-ratio: 1024\/724;\" \/><figcaption>En parall\u00e8le \u00e0 notre \u00ab\u00a0b\u00e9b\u00e9 communautaire\u00a0\u00bb, plusieurs nouveaux-n\u00e9s ont vu le jour au d\u00e9panneur, et parfois de parents qui se sont rencontr\u00e9s au dep. Ici, l&rsquo;image de l&rsquo;un d&rsquo;entre eux, alors qu&rsquo;il venait tout juste de na\u00eetre.<\/figcaption><\/figure>\n\n\n\n<p class=\"wp-block-paragraph\">L&rsquo;aventure du d\u00e9panneur Sylvestre a d\u00e9but\u00e9 dans une grande fragilit\u00e9 et pr\u00e9carit\u00e9. Et la survie de cette petite initiative citoyenne \u00e0 requis les soins et l&rsquo;attention d&rsquo;une grande famille de b\u00e9n\u00e9voles avant qu&rsquo;elle puisse commencer \u00e0 d\u00e9ployer ses ailes.<\/p>\n\n\n\n<p class=\"wp-block-paragraph\">Aujourd&rsquo;hui, notre \u00ab\u00a0petit b\u00e9b\u00e9\u00a0\u00bb aura bient\u00f4t 20 ans, il a quitt\u00e9 la maison familiale du 9 Fortier et s&rsquo;appr\u00eate \u00e0 s&rsquo;envoler vers de nouveaux horizons!<\/p>\n\n\n\n<h3 class=\"has-text-align-center wp-block-heading\" id=\"a-suivre\">\u00c0 suivre&#8230;<\/h3>\n\n\n\n<p class=\"wp-block-paragraph\">Nous vous invitons cordialement \u00e0 suivre cette aventure au fil d\u2019articles qui seront publi\u00e9s sur cette page web et dont certains ont d\u00e9j\u00e0 \u00e9t\u00e9 diffus\u00e9s sur les r\u00e9seaux sociaux.<\/p>\n\n\n\n<p class=\"wp-block-paragraph\"><\/p>\n\n\n\n<p class=\"wp-block-paragraph\"><\/p>\n","protected":false},"excerpt":{"rendered":"<p>Imaginez si votre d\u00e9panneur (ou \u00e9picerie) du coin se transformait, pour devenir \u00a0un espace o\u00f9 le mot \u00ab\u00a0d\u00e9panner\u00a0\u00bb prend tout son sens, un mobilisateur d\u2019entraide collective et de solidarit\u00e9 au-del\u00e0 des fronti\u00e8res, un lieu de rencontre et d\u2019inclusion accessible \u00e0 toutes et \u00e0 tous sans discrimination.<\/p>\n","protected":false},"author":3,"featured_media":0,"comment_status":"open","ping_status":"open","sticky":false,"template":"","format":"standard","meta":{"_acf_changed":false,"_crdt_document":"","disable_featured_image":false,"footnotes":""},"categories":[11],"tags":[12,13,14],"taxon-du-petit-parc":[],"class_list":["post-37","post","type-post","status-publish","format-standard","hentry","category-raconter-le-depanneur","tag-depanneur-sylvestre","tag-gatineau","tag-initiative-communutaire","entry"],"acf":[],"_links":{"self":[{"href":"https:\/\/lepetitparc.ca\/manu\/wp-json\/wp\/v2\/posts\/37","targetHints":{"allow":["GET"]}}],"collection":[{"href":"https:\/\/lepetitparc.ca\/manu\/wp-json\/wp\/v2\/posts"}],"about":[{"href":"https:\/\/lepetitparc.ca\/manu\/wp-json\/wp\/v2\/types\/post"}],"author":[{"embeddable":true,"href":"https:\/\/lepetitparc.ca\/manu\/wp-json\/wp\/v2\/users\/3"}],"replies":[{"embeddable":true,"href":"https:\/\/lepetitparc.ca\/manu\/wp-json\/wp\/v2\/comments?post=37"}],"version-history":[{"count":16,"href":"https:\/\/lepetitparc.ca\/manu\/wp-json\/wp\/v2\/posts\/37\/revisions"}],"predecessor-version":[{"id":115,"href":"https:\/\/lepetitparc.ca\/manu\/wp-json\/wp\/v2\/posts\/37\/revisions\/115"}],"wp:attachment":[{"href":"https:\/\/lepetitparc.ca\/manu\/wp-json\/wp\/v2\/media?parent=37"}],"wp:term":[{"taxonomy":"category","embeddable":true,"href":"https:\/\/lepetitparc.ca\/manu\/wp-json\/wp\/v2\/categories?post=37"},{"taxonomy":"post_tag","embeddable":true,"href":"https:\/\/lepetitparc.ca\/manu\/wp-json\/wp\/v2\/tags?post=37"},{"taxonomy":"taxon-du-petit-parc","embeddable":true,"href":"https:\/\/lepetitparc.ca\/manu\/wp-json\/wp\/v2\/taxon-du-petit-parc?post=37"}],"curies":[{"name":"wp","href":"https:\/\/api.w.org\/{rel}","templated":true}]}}