{"id":213,"date":"2022-06-02T17:23:52","date_gmt":"2022-06-02T21:23:52","guid":{"rendered":"https:\/\/lepetitparc.ca\/manu\/?p=213"},"modified":"2022-06-02T17:23:54","modified_gmt":"2022-06-02T21:23:54","slug":"instant-de-repos-dans-lherbe","status":"publish","type":"post","link":"https:\/\/lepetitparc.ca\/manu\/2022\/06\/02\/instant-de-repos-dans-lherbe\/","title":{"rendered":"Instant de repos dans l&rsquo;herbe"},"content":{"rendered":"\n<p class=\"wp-block-paragraph\"><\/p>\n\n\n\n<figure class=\"wp-block-image size-large\"><img fetchpriority=\"high\" decoding=\"async\" width=\"792\" height=\"1024\" src=\"https:\/\/lepetitparc.ca\/manu\/wp-content\/uploads\/sites\/3\/2022\/06\/cousines-792x1024.jpg\" alt=\"\" class=\"wp-image-214\" srcset=\"https:\/\/lepetitparc.ca\/manu\/wp-content\/uploads\/sites\/3\/2022\/06\/cousines-792x1024.jpg 792w, https:\/\/lepetitparc.ca\/manu\/wp-content\/uploads\/sites\/3\/2022\/06\/cousines-232x300.jpg 232w, https:\/\/lepetitparc.ca\/manu\/wp-content\/uploads\/sites\/3\/2022\/06\/cousines-768x993.jpg 768w, https:\/\/lepetitparc.ca\/manu\/wp-content\/uploads\/sites\/3\/2022\/06\/cousines-1187x1536.jpg 1187w, https:\/\/lepetitparc.ca\/manu\/wp-content\/uploads\/sites\/3\/2022\/06\/cousines.jpg 1233w\" sizes=\"(max-width: 792px) 100vw, 792px\" \/><\/figure>\n\n\n\n<p class=\"wp-block-paragraph\">J&rsquo;inaugure, avec cette image, une nouvelle cat\u00e9gorie de dessins intitul\u00e9e : \u00ab\u00a0Instantan\u00e9s de vie\u00a0\u00bb. Cette s\u00e9rie est enti\u00e8rement r\u00e9alis\u00e9e d&rsquo;apr\u00e8s des photos que j&rsquo;ai prises, ou que d&rsquo;autres m&rsquo;ont confi\u00e9es. <\/p>\n\n\n\n<p class=\"wp-block-paragraph\">Trait\u00e9s comme des gravures ou des estampes num\u00e9riques, les images de cette s\u00e9rie sont comme autant de petits instants de vie, pris sur le vif, dans la gratitude et la gratuit\u00e9, sans autres raisons que de t\u00e9moigner de la pr\u00e9sence des personnes et de la vie.<\/p>\n\n\n\n<p class=\"wp-block-paragraph\">N&rsquo;ayant rien \u00e0 dire d&rsquo;autre que ce que l&rsquo;image repr\u00e9sente, cette s\u00e9rie ne s&rsquo;accompagnera g\u00e9n\u00e9ralement que de tr\u00e8s peu de mots.<\/p>\n\n\n\n<p class=\"wp-block-paragraph\">Ces images qui parlent pour elles-m\u00eames sont \u00e9galement publi\u00e9es sur Instagram.<\/p>\n","protected":false},"excerpt":{"rendered":"<p>J&rsquo;inaugure, avec cette image, une nouvelle cat\u00e9gorie de dessins intitul\u00e9e : \u00ab\u00a0Instantan\u00e9s de vie\u00a0\u00bb. Cette s\u00e9rie est enti\u00e8rement r\u00e9alis\u00e9e d&rsquo;apr\u00e8s des photos que j&rsquo;ai prises, ou que d&rsquo;autres m&rsquo;ont confi\u00e9es. <\/p>\n","protected":false},"author":3,"featured_media":214,"comment_status":"open","ping_status":"open","sticky":false,"template":"","format":"standard","meta":{"_acf_changed":false,"_crdt_document":"","disable_featured_image":true,"footnotes":""},"categories":[56],"tags":[57,55,59],"taxon-du-petit-parc":[],"class_list":["post-213","post","type-post","status-publish","format-standard","has-post-thumbnail","hentry","category-instantanes-de-vie","tag-instant","tag-paix","tag-repos","entry"],"acf":[],"_links":{"self":[{"href":"https:\/\/lepetitparc.ca\/manu\/wp-json\/wp\/v2\/posts\/213","targetHints":{"allow":["GET"]}}],"collection":[{"href":"https:\/\/lepetitparc.ca\/manu\/wp-json\/wp\/v2\/posts"}],"about":[{"href":"https:\/\/lepetitparc.ca\/manu\/wp-json\/wp\/v2\/types\/post"}],"author":[{"embeddable":true,"href":"https:\/\/lepetitparc.ca\/manu\/wp-json\/wp\/v2\/users\/3"}],"replies":[{"embeddable":true,"href":"https:\/\/lepetitparc.ca\/manu\/wp-json\/wp\/v2\/comments?post=213"}],"version-history":[{"count":1,"href":"https:\/\/lepetitparc.ca\/manu\/wp-json\/wp\/v2\/posts\/213\/revisions"}],"predecessor-version":[{"id":215,"href":"https:\/\/lepetitparc.ca\/manu\/wp-json\/wp\/v2\/posts\/213\/revisions\/215"}],"wp:featuredmedia":[{"embeddable":true,"href":"https:\/\/lepetitparc.ca\/manu\/wp-json\/wp\/v2\/media\/214"}],"wp:attachment":[{"href":"https:\/\/lepetitparc.ca\/manu\/wp-json\/wp\/v2\/media?parent=213"}],"wp:term":[{"taxonomy":"category","embeddable":true,"href":"https:\/\/lepetitparc.ca\/manu\/wp-json\/wp\/v2\/categories?post=213"},{"taxonomy":"post_tag","embeddable":true,"href":"https:\/\/lepetitparc.ca\/manu\/wp-json\/wp\/v2\/tags?post=213"},{"taxonomy":"taxon-du-petit-parc","embeddable":true,"href":"https:\/\/lepetitparc.ca\/manu\/wp-json\/wp\/v2\/taxon-du-petit-parc?post=213"}],"curies":[{"name":"wp","href":"https:\/\/api.w.org\/{rel}","templated":true}]}}