{"id":105,"date":"2022-01-20T00:54:00","date_gmt":"2022-01-20T05:54:00","guid":{"rendered":"https:\/\/lepetitparc.ca\/manu\/?p=105"},"modified":"2022-01-28T01:20:27","modified_gmt":"2022-01-28T06:20:27","slug":"hommage-aux-photographes-meconnus","status":"publish","type":"post","link":"https:\/\/lepetitparc.ca\/manu\/2022\/01\/20\/hommage-aux-photographes-meconnus\/","title":{"rendered":"Hommage aux photographes m\u00e9connus"},"content":{"rendered":"\n<p class=\"has-primary-color has-text-color has-large-font-size wp-block-paragraph\">Cela peut para\u00eetre paradoxal de rendre hommage \u00e0 un photographe en cr\u00e9ant une illustration d\u2019apr\u00e8s l\u2019une de ses photos. C\u2019est pourtant ce que je me propose de faire dans cette nouvelle s\u00e9rie d\u00e9di\u00e9e aux artisans-photographes m\u00e9connus.<\/p>\n\n\n\n<figure class=\"wp-block-image size-large\"><img fetchpriority=\"high\" decoding=\"async\" width=\"1024\" height=\"1024\" src=\"https:\/\/lepetitparc.ca\/manu\/wp-content\/uploads\/sites\/3\/2022\/01\/RegardEnArriere-fck-1024x1024.jpg\" alt=\"\" class=\"wp-image-107\" srcset=\"https:\/\/lepetitparc.ca\/manu\/wp-content\/uploads\/sites\/3\/2022\/01\/RegardEnArriere-fck-1024x1024.jpg 1024w, https:\/\/lepetitparc.ca\/manu\/wp-content\/uploads\/sites\/3\/2022\/01\/RegardEnArriere-fck-300x300.jpg 300w, https:\/\/lepetitparc.ca\/manu\/wp-content\/uploads\/sites\/3\/2022\/01\/RegardEnArriere-fck-150x150.jpg 150w, https:\/\/lepetitparc.ca\/manu\/wp-content\/uploads\/sites\/3\/2022\/01\/RegardEnArriere-fck-768x768.jpg 768w, https:\/\/lepetitparc.ca\/manu\/wp-content\/uploads\/sites\/3\/2022\/01\/RegardEnArriere-fck-1536x1536.jpg 1536w, https:\/\/lepetitparc.ca\/manu\/wp-content\/uploads\/sites\/3\/2022\/01\/RegardEnArriere-fck-1568x1568.jpg 1568w, https:\/\/lepetitparc.ca\/manu\/wp-content\/uploads\/sites\/3\/2022\/01\/RegardEnArriere-fck.jpg 2000w\" sizes=\"(max-width: 1024px) 100vw, 1024px\" \/><\/figure>\n\n\n\n<p class=\"wp-block-paragraph\">Voici une premi\u00e8re illustration que j&rsquo;ai r\u00e9alis\u00e9e d&rsquo;apr\u00e8s un clich\u00e9 pris dans les rues d&rsquo;Ottawa dans les ann\u00e9es 50, par le p\u00e8re d&rsquo;un ami.<\/p>\n\n\n\n<p class=\"wp-block-paragraph\">J&rsquo;aime beaucoup la composition de cette photo prise par un humble passionn\u00e9 de l&rsquo;image. D&rsquo;un c\u00f4t\u00e9 il y a la confiance de la m\u00e8re qui marche r\u00e9solument par en avant, Et de l&rsquo;autre c\u00f4t\u00e9 le regard libre et vagabond de la fillette qui s&rsquo;attarde \u00e0 ce qui se passe en arri\u00e8re d&rsquo;elle.<\/p>\n\n\n\n<p class=\"wp-block-paragraph\">Si vous avez acc\u00e8s \u00e0 des photos de vie quotidienne r\u00e9alis\u00e9es par un de ces artisans-photographes \u0153uvrant dans l&rsquo;ombre, envoyez-moi en, j&rsquo;aimerais beaucoup en dessiner d&rsquo;autres afin d&rsquo;alimenter cette nouvelle s\u00e9rie-hommage!<\/p>\n\n\n\n<p class=\"wp-block-paragraph\">\u00c0 suivre&#8230;<\/p>\n","protected":false},"excerpt":{"rendered":"<p>Cela peut para\u00eetre paradoxal de rendre hommage \u00e0 un photographe en cr\u00e9ant une illustration d\u2019apr\u00e8s l\u2019une de ses photos. C\u2019est pourtant ce que je me propose de faire dans cette nouvelle s\u00e9rie d\u00e9di\u00e9e aux artisans-photographes m\u00e9connus.<\/p>\n","protected":false},"author":3,"featured_media":0,"comment_status":"open","ping_status":"open","sticky":false,"template":"","format":"standard","meta":{"_acf_changed":false,"_crdt_document":"","disable_featured_image":false,"footnotes":""},"categories":[16],"tags":[19,17,20,18],"taxon-du-petit-parc":[],"class_list":["post-105","post","type-post","status-publish","format-standard","hentry","category-hommage-aux-photographes-meconnus","tag-annees-50","tag-hommage","tag-illustration","tag-photographes-meconnus","entry"],"acf":[],"_links":{"self":[{"href":"https:\/\/lepetitparc.ca\/manu\/wp-json\/wp\/v2\/posts\/105","targetHints":{"allow":["GET"]}}],"collection":[{"href":"https:\/\/lepetitparc.ca\/manu\/wp-json\/wp\/v2\/posts"}],"about":[{"href":"https:\/\/lepetitparc.ca\/manu\/wp-json\/wp\/v2\/types\/post"}],"author":[{"embeddable":true,"href":"https:\/\/lepetitparc.ca\/manu\/wp-json\/wp\/v2\/users\/3"}],"replies":[{"embeddable":true,"href":"https:\/\/lepetitparc.ca\/manu\/wp-json\/wp\/v2\/comments?post=105"}],"version-history":[{"count":1,"href":"https:\/\/lepetitparc.ca\/manu\/wp-json\/wp\/v2\/posts\/105\/revisions"}],"predecessor-version":[{"id":108,"href":"https:\/\/lepetitparc.ca\/manu\/wp-json\/wp\/v2\/posts\/105\/revisions\/108"}],"wp:attachment":[{"href":"https:\/\/lepetitparc.ca\/manu\/wp-json\/wp\/v2\/media?parent=105"}],"wp:term":[{"taxonomy":"category","embeddable":true,"href":"https:\/\/lepetitparc.ca\/manu\/wp-json\/wp\/v2\/categories?post=105"},{"taxonomy":"post_tag","embeddable":true,"href":"https:\/\/lepetitparc.ca\/manu\/wp-json\/wp\/v2\/tags?post=105"},{"taxonomy":"taxon-du-petit-parc","embeddable":true,"href":"https:\/\/lepetitparc.ca\/manu\/wp-json\/wp\/v2\/taxon-du-petit-parc?post=105"}],"curies":[{"name":"wp","href":"https:\/\/api.w.org\/{rel}","templated":true}]}}