{"id":930,"date":"2025-12-08T15:16:44","date_gmt":"2025-12-08T20:16:44","guid":{"rendered":"https:\/\/lepetitparc.ca\/gilbert\/?p=930"},"modified":"2025-12-08T15:16:44","modified_gmt":"2025-12-08T20:16:44","slug":"10-janvier-1633-decouverte-du-pouvoir-dattraction-du-fer","status":"publish","type":"post","link":"https:\/\/lepetitparc.ca\/gilbert\/10-janvier-1633-decouverte-du-pouvoir-dattraction-du-fer\/","title":{"rendered":"10 janvier 1633 &#8211; d\u00e9couverte du pouvoir d&rsquo;attraction du fer"},"content":{"rendered":"\n<p class=\"wp-block-paragraph\">De fil en aiguille, je me suis retrouv\u00e9 dans les <em>Relations des J\u00e9suites de 1611 \u00e0 1672<\/em> dans l\u2019extraordinaire \u00e9dition de Victor L\u00e9vy-Beaulieu en six volumes aux \u00c9ditions du Jour. C\u2019est un r\u00e9cit de la gen\u00e8se du Canada, que je lis comme s\u2019il \u00e9tait d\u2019Ursula LeGuin. C\u2019est aussi un livre que j\u2019entends mieux en le lisant \u00e0 voix haute. Vivre seul a ses avantages.<\/p>\n\n\n\n<p class=\"wp-block-paragraph\"><em>Les Relations des J\u00e9suites<\/em> ont \u00e9t\u00e9 r\u00e9dig\u00e9es avec un souci de faire conna\u00eetre l\u2019\u00e9tat et les \u00e9v\u00e9nements des missions \u00e0 une \u00e9poque o\u00f9 l\u2019int\u00e9r\u00eat pour les nouveaux continents peupl\u00e9s de ce qu\u2019on appelait \u00e0 l\u2019\u00e9poque des Sauvages ou Barbares. Les coutumes et les milieux de vie de ces peuples inconnus \u00e9taient garants de succ\u00e8s en librairie, surtout que <em>Les Relations<\/em> devait servir au recrutement et \u00e0 la collecte de fonds pour les missions.<\/p>\n\n\n\n<p class=\"wp-block-paragraph\">Dans la \u00ab RELATION DE CE QUI S\u2019EST PASSE EN LA NOUVELLE FRANCE EN L\u2019ANNEE 1633, envoyee AU R. P. BARTH. JACQUINOT Provincial de la Compagnie de Jesus en la province de France, par le P. Paul Le Jeune de la mesme compagnie, Sup\u00e9rieur de la residence de Kebec \u00bb, je tombe sur un passage qui d\u00e9crit un ph\u00e9nom\u00e8ne bien connu des enfants aujourd\u2019hui, mais qui devait \u00eatre suffisamment rare en France \u00e0 l\u2019\u00e9poque pour le signaler.&nbsp;<\/p>\n\n\n\n<p class=\"wp-block-paragraph\">\u00ab Le 10. de Janvier le froid estoit fort violent. Je ne voy le jour la plus part de l\u2019hyver qu\u2019au travers des glaces : il se fait une crouste de glace sur les chassis de ma cellule ou chambrette, laquelle tombe comme une losange ou carreau de verre quand le froid se vient \u00e0 relascher : C\u2019est au travers de ce crystal que le Soleil nous communique sa lumiere. J\u2019ai souvent trouv\u00e9 de gros gla\u00e7ons attachez le matin \u00e0 ma couverture, formez du souffle de l\u2019haleine ; et m\u2019oubliant de les oster le matin, je les trouvois encore le soir : J\u2019en ay quelquefois veu en France, mais peu souvent et bien petits, \u00e0 comparaison de ceux-cy.<\/p>\n\n\n\n<p class=\"wp-block-paragraph\">\u00ab Comme nous n\u2019avons ny fontaine, ny puy, il nous faut aller tous les jours puiser de l\u2019eau \u00e0 la riviere, de laquelle nous sommes esloignez environ 200 pas : mais pour en avoir, il faut fendre la glace \u00e0 grands coups de hache, et encor faut-il attendre que la mer monte, car la mar\u00e9e estant basse, on ne peut avoir d\u2019eau pour l\u2019espaisseur des glaces. Nous jettons ceste eau dans un poin\u00e7on qui n\u2019est pas loing d\u2019un bon feu ; et cependant il faut avoir un grand soin tous les matins de rompre la crouste de glace qui se forme dans ce vaisseau, autrement en deux nuicts tout ne seroit qu\u2019un gla\u00e7on, le poin\u00e7on fut-il plein.<\/p>\n\n\n\n<p class=\"wp-block-paragraph\">\u00ab Un de nos Fran\u00e7ois ayant soif dans les bois, et voulant lescher un peu de neige qui estoit sur une hache qu\u2019il tenoit, venant \u00e0 toucher le fer, sa langue se cola et gela si promptement et si fortement, que venant \u00e0 retirer soudainement la hache pour le froid qu\u2019il sentoit, il enleva quant et quant toute la peau de sa langue.<\/p>\n\n\n\n<p class=\"wp-block-paragraph\">\u00ab Tout cecy m\u2019auroit quasi fait croire en France que ce pays est insupportable ; j\u2019advou\u00eb qu\u2019il y a quelques jours bien serrans et pressans, mais ils sont peu en nombre, le reste est plus que tolerable. On se roule icy sur la neige, comme en France sur l\u2019herbe de nos prairies, pour ainsi dire, ce n\u2019est pas qu\u2019elle soit aussi froide comme elle est blanche, mais les jours sont beaux, le Soleil plus chaud qu\u2019en plusieurs endroicts de France; nous sommes, dit on, dans le mesme parallelle que la Rochelle ; la moindre action qu\u2019on fait la pluspart du temps bannit la rigueur du froid.<\/p>\n\n\n\n<p class=\"wp-block-paragraph\">\u00ab Combien de fois trouvant quelque colline ou montagne \u00e0 descendre, me suis-je laiss\u00e9 rouler \u00e0 bas sur la neige, sans en recevoir autre incommodit\u00e9, sinon de changer pour un peu de temps mon habit noir en un habit blanc, et encore cela se fait-il en riant ; car si on ne se soustient bien assis sur ses raquettes, on se blanchit aussi bien la teste, que les pieds. \u00bb<\/p>\n\n\n\n<figure class=\"wp-block-image size-large is-resized\"><img fetchpriority=\"high\" decoding=\"async\" width=\"841\" height=\"1024\" src=\"https:\/\/lepetitparc.ca\/gilbert\/wp-content\/uploads\/sites\/4\/2025\/12\/Relations_Neige-841x1024.jpg\" alt=\"Extrait des Relations des J\u00e9suites\" class=\"wp-image-934\" style=\"aspect-ratio:0.8213015945677882;width:612px;height:auto\" srcset=\"https:\/\/lepetitparc.ca\/gilbert\/wp-content\/uploads\/sites\/4\/2025\/12\/Relations_Neige-841x1024.jpg 841w, https:\/\/lepetitparc.ca\/gilbert\/wp-content\/uploads\/sites\/4\/2025\/12\/Relations_Neige-246x300.jpg 246w, https:\/\/lepetitparc.ca\/gilbert\/wp-content\/uploads\/sites\/4\/2025\/12\/Relations_Neige-768x935.jpg 768w, https:\/\/lepetitparc.ca\/gilbert\/wp-content\/uploads\/sites\/4\/2025\/12\/Relations_Neige-1261x1536.jpg 1261w, https:\/\/lepetitparc.ca\/gilbert\/wp-content\/uploads\/sites\/4\/2025\/12\/Relations_Neige.jpg 1390w\" sizes=\"(max-width: 841px) 100vw, 841px\" \/><figcaption class=\"wp-element-caption\">J\u2019ai eu la bonne fortune de trouver un exemplaire impeccable de l\u2019\u00e9dition en six volumes sous coffret de 1972 des \u00c9ditions du Jour \u00e0 la librairie bonheurdoccasion.com. Cette \u00e9dition reprend le texte, fautes comprises, des premi\u00e8res \u00e9ditions des <em>Relations<\/em>. Mes transcriptions ne font que remplacer les v en u, les i en j et les u en v pour faciliter la lecture. <\/figcaption><\/figure>\n","protected":false},"excerpt":{"rendered":"<p>Bien qu&rsquo;intr\u00e9pides, les premiers Fran\u00e7ais d\u00e9couvrent que l&rsquo;hiver en Nouvelle-France n&rsquo;est pas si pire que \u00e7a, si on n&rsquo;a trop soif&#8230;<\/p>\n","protected":false},"author":4,"featured_media":933,"comment_status":"open","ping_status":"open","sticky":false,"template":"","format":"standard","meta":{"_acf_changed":false,"_crdt_document":"","site-sidebar-layout":"default","site-content-layout":"","ast-site-content-layout":"default","site-content-style":"default","site-sidebar-style":"default","ast-global-header-display":"","ast-banner-title-visibility":"","ast-main-header-display":"","ast-hfb-above-header-display":"","ast-hfb-below-header-display":"","ast-hfb-mobile-header-display":"","site-post-title":"","ast-breadcrumbs-content":"","ast-featured-img":"","footer-sml-layout":"","ast-disable-related-posts":"","theme-transparent-header-meta":"","adv-header-id-meta":"","stick-header-meta":"","header-above-stick-meta":"","header-main-stick-meta":"","header-below-stick-meta":"","astra-migrate-meta-layouts":"set","ast-page-background-enabled":"default","ast-page-background-meta":{"desktop":{"background-color":"var(--ast-global-color-4)","background-image":"","background-repeat":"repeat","background-position":"center center","background-size":"auto","background-attachment":"scroll","background-type":"","background-media":"","overlay-type":"","overlay-color":"","overlay-opacity":"","overlay-gradient":""},"tablet":{"background-color":"","background-image":"","background-repeat":"repeat","background-position":"center center","background-size":"auto","background-attachment":"scroll","background-type":"","background-media":"","overlay-type":"","overlay-color":"","overlay-opacity":"","overlay-gradient":""},"mobile":{"background-color":"","background-image":"","background-repeat":"repeat","background-position":"center center","background-size":"auto","background-attachment":"scroll","background-type":"","background-media":"","overlay-type":"","overlay-color":"","overlay-opacity":"","overlay-gradient":""}},"ast-content-background-meta":{"desktop":{"background-color":"var(--ast-global-color-5)","background-image":"","background-repeat":"repeat","background-position":"center center","background-size":"auto","background-attachment":"scroll","background-type":"","background-media":"","overlay-type":"","overlay-color":"","overlay-opacity":"","overlay-gradient":""},"tablet":{"background-color":"var(--ast-global-color-5)","background-image":"","background-repeat":"repeat","background-position":"center center","background-size":"auto","background-attachment":"scroll","background-type":"","background-media":"","overlay-type":"","overlay-color":"","overlay-opacity":"","overlay-gradient":""},"mobile":{"background-color":"var(--ast-global-color-5)","background-image":"","background-repeat":"repeat","background-position":"center center","background-size":"auto","background-attachment":"scroll","background-type":"","background-media":"","overlay-type":"","overlay-color":"","overlay-opacity":"","overlay-gradient":""}},"footnotes":""},"categories":[82],"tags":[84,83],"taxon-du-petit-parc":[54],"class_list":["post-930","post","type-post","status-publish","format-standard","has-post-thumbnail","hentry","category-les-relations-des-jesuites","tag-langue-collee-en-hiver","tag-relations-des-jesuites","taxon-du-petit-parc-racines"],"acf":[],"_links":{"self":[{"href":"https:\/\/lepetitparc.ca\/gilbert\/wp-json\/wp\/v2\/posts\/930","targetHints":{"allow":["GET"]}}],"collection":[{"href":"https:\/\/lepetitparc.ca\/gilbert\/wp-json\/wp\/v2\/posts"}],"about":[{"href":"https:\/\/lepetitparc.ca\/gilbert\/wp-json\/wp\/v2\/types\/post"}],"author":[{"embeddable":true,"href":"https:\/\/lepetitparc.ca\/gilbert\/wp-json\/wp\/v2\/users\/4"}],"replies":[{"embeddable":true,"href":"https:\/\/lepetitparc.ca\/gilbert\/wp-json\/wp\/v2\/comments?post=930"}],"version-history":[{"count":3,"href":"https:\/\/lepetitparc.ca\/gilbert\/wp-json\/wp\/v2\/posts\/930\/revisions"}],"predecessor-version":[{"id":936,"href":"https:\/\/lepetitparc.ca\/gilbert\/wp-json\/wp\/v2\/posts\/930\/revisions\/936"}],"wp:featuredmedia":[{"embeddable":true,"href":"https:\/\/lepetitparc.ca\/gilbert\/wp-json\/wp\/v2\/media\/933"}],"wp:attachment":[{"href":"https:\/\/lepetitparc.ca\/gilbert\/wp-json\/wp\/v2\/media?parent=930"}],"wp:term":[{"taxonomy":"category","embeddable":true,"href":"https:\/\/lepetitparc.ca\/gilbert\/wp-json\/wp\/v2\/categories?post=930"},{"taxonomy":"post_tag","embeddable":true,"href":"https:\/\/lepetitparc.ca\/gilbert\/wp-json\/wp\/v2\/tags?post=930"},{"taxonomy":"taxon-du-petit-parc","embeddable":true,"href":"https:\/\/lepetitparc.ca\/gilbert\/wp-json\/wp\/v2\/taxon-du-petit-parc?post=930"}],"curies":[{"name":"wp","href":"https:\/\/api.w.org\/{rel}","templated":true}]}}