{"id":730,"date":"2025-01-10T14:44:21","date_gmt":"2025-01-10T19:44:21","guid":{"rendered":"https:\/\/lepetitparc.ca\/gilbert\/?p=730"},"modified":"2025-01-10T14:45:00","modified_gmt":"2025-01-10T19:45:00","slug":"notre-homme-a-washington","status":"publish","type":"post","link":"https:\/\/lepetitparc.ca\/gilbert\/notre-homme-a-washington\/","title":{"rendered":"Notre homme \u00e0 Washington"},"content":{"rendered":"\n<p class=\"wp-block-paragraph\">2025 va \u00eatre une ann\u00e9e fantastique. Bien cach\u00e9 \u00e0 la page 26 du Monde dat\u00e9 10 janvier, la parution d&rsquo;un livre documentant comment Donald Trump a \u00e9t\u00e9 cultiv\u00e9 par les services secrets russes, Si c&rsquo;est vrai, \u00e7a explique bien des choses et \u00e7a laisse pr\u00e9sager une ann\u00e9e o\u00f9 tous nos rep\u00e8res seront brouill\u00e9s.<\/p>\n\n\n\n<figure class=\"wp-block-image size-full is-resized\"><img fetchpriority=\"high\" decoding=\"async\" width=\"340\" height=\"340\" src=\"https:\/\/lepetitparc.ca\/gilbert\/wp-content\/uploads\/sites\/4\/2025\/01\/Notre-homme-a-Washington.jpg\" alt=\"\" class=\"wp-image-746\" style=\"width:268px;height:auto\" srcset=\"https:\/\/lepetitparc.ca\/gilbert\/wp-content\/uploads\/sites\/4\/2025\/01\/Notre-homme-a-Washington.jpg 340w, https:\/\/lepetitparc.ca\/gilbert\/wp-content\/uploads\/sites\/4\/2025\/01\/Notre-homme-a-Washington-300x300.jpg 300w, https:\/\/lepetitparc.ca\/gilbert\/wp-content\/uploads\/sites\/4\/2025\/01\/Notre-homme-a-Washington-150x150.jpg 150w\" sizes=\"(max-width: 340px) 100vw, 340px\" \/><figcaption class=\"wp-element-caption\">Notre homme \u00e0 Washington. Trump dans la main des Russes de R\u00e9gis Gent\u00e9, Grasset, 224 pages<\/figcaption><\/figure>\n\n\n\n<p class=\"wp-block-paragraph\">L&rsquo;article du Monde attire l&rsquo;attention sur le travail du journaliste R\u00e9gis Gent\u00e9 qui d\u00e9crit une \u00ab relation constante et pas toujours tr\u00e8s claire \u00bb comme \u00ab une forme de collaboration tant le promoteur immobilier new-yorkais a longtemps fr\u00e9quent\u00e9 des diplomates, des espions, des mafieux et des oligarques russes.\u00a0\u00bb \u00ab\u00a0Pr\u00e8s d&rsquo;une cinquantaine de membres de la &lsquo;mafia rouge&rsquo; ont nou\u00e9 les relations directes ou indirectes avec Donald Trump, \u00bb explique R\u00e9gis Gent\u00e9. Il s&rsquo;appuie sur l&rsquo;enqu\u00eate Mueller du FBI sur les tentatives d&rsquo;ing\u00e9rence russe dans la campagne de 2016 ainsi que sur des responsables de la communaut\u00e9 du renseignement. Voici un ouvrage que j&rsquo;ai h\u00e2te de lire.<\/p>\n\n\n\n<p class=\"wp-block-paragraph\">Les services russes ont-ils trouv\u00e9 dans cet ambitieux d\u00e9s\u00e9quilibr\u00e9 l&rsquo;homme qu&rsquo;il leur fallait pour faire avancer leur vieux r\u00eave de domination de l&rsquo;Europe ? C&rsquo;est un petit peu inqui\u00e9tant aujourd&rsquo;hui de d\u00e9couvrir les vrais enjeux de la pr\u00e9sidence Trump, l&rsquo;annexion du Canada et du Groenland. Celui qui comprend les enjeux, c&rsquo;est bien notre homme \u00e0 Washington. Aujourd&rsquo;hui 11 janvier, toujours dans les pages du Monde, les pays europ\u00e9ens se r\u00e9veillent \u00e0 la menace des fus\u00e9es interm\u00e9diaires russes utilis\u00e9es en Ukraine, eux qui sont sans bouclier de d\u00e9fense antia\u00e9rienne autre que l&rsquo;OTAN, et que vaut l&rsquo;OTAN si les \u00c9tats-Unis envahissent le Groenland comme les Russes avaient pris la Crim\u00e9e? Le Groenland est sans d\u00e9fense, l&rsquo;Europe n&rsquo;attaquera pas les \u00c9tats-Unis. Quel int\u00e9r\u00eat Elon Musk a-t-il \u00e0 se faire le propagandiste en chef du nouvel ordre mondial que Trump veut instaurer ? Pourquoi risque-t-il la r\u00e9putation de Tesla pour se faire le chantre d&rsquo;une droite dure ? Qu&rsquo;est-ce qu&rsquo;on peut bien lui avoir promis pour qu&rsquo;il accepte de devenir radioactif\u00a0? <\/p>\n\n\n\n<p class=\"wp-block-paragraph\">En supposant que notre homme \u00e0 Washington ne soit pas un agent double qui va trahir Vladimir en renfor\u00e7ant les sanctions et en armant davantage l&rsquo;Ukraine, il menace d&rsquo;\u00e9touffer le Canada \u00e9conomiquement. Je ne vois pas tr\u00e8s bien comment il r\u00e9ussira \u00e0 le faire, et on a un peu l&rsquo;impression qu&rsquo;il y a beaucoup de p\u00e9tage de bretelles dans les \u00e9missions d&rsquo;information, que plut\u00f4t que de nous communiquer des faits, les journalistes s&rsquo;amusent \u00e0 analyser les pr\u00e9visions ce qui pourrait se produire au royaume des si. Trump est le genre de g\u00e9nie mal\u00e9fique qui grandit plus on lui donne de l&rsquo;espace dans notre imaginaire, puisqu&rsquo;il ne peut faire que ce qu&rsquo;on lui permet de faire. \u00c7a sera assez difficile de p\u00e9naliser le Canada sans cr\u00e9er d&rsquo;\u00e9normes difficult\u00e9s aux \u00c9tats-Unis. Cela pourrait avoir un effet assez b\u00e9n\u00e9fique aupr\u00e8s de la population canadienne oblig\u00e9e de de serrer les coudes pour acheter local. \u00c7a pourrait mener au libre-\u00e9change entre les provinces. Nos fermiers pourraient abandonner leurs monocultures en faveur de denr\u00e9es alimentaires pour la population canadienne. Parfois, une mauvaise chose est bonne. Et n&rsquo;oublions pas que ce n&rsquo;est pas comme si les mati\u00e8res premi\u00e8res et produits transform\u00e9s que nous vendons aux Am\u00e9ricains sont rempla\u00e7ables du jour au lendemain. Los Angeles br\u00fble. D&rsquo;o\u00f9 viendront les mat\u00e9riaux pour le reconstruire ? Et les droits de douane, n&rsquo;oublions pas que ce sont les Am\u00e9ricains qui vont les payer, pas nous. Ce sont les revenus que Trump pr\u00e9voit pour compenser ses r\u00e9ductions d&rsquo;imp\u00f4t sur le revenu. Les inqui\u00e9tudes que l&rsquo;on entend en ce moment viennent des entreprises qui devront se trouver de nouveaux march\u00e9s. Or, MAGA aux \u00c9tats-Unis, c&rsquo;est la cr\u00e9ation d&rsquo;usines pour que tout soit fabriqu\u00e9 de nouveau aux \u00c9tats-Unis. Qui dit usine dit s&rsquo;approvisionner en mat\u00e9riaux, et d&rsquo;o\u00f9 viendront-ils tous ces mat\u00e9riaux si ce n&rsquo;est du Canada et du Mexique ? Se trouver de nouveaux march\u00e9s, je sais que ce n&rsquo;est pas facile, mais c&rsquo;est aussi ce qu&rsquo;une entreprise doit continuellement faire, se r\u00e9inventer et innover pour survivre.<\/p>\n\n\n\n<p class=\"wp-block-paragraph\">2025, ann\u00e9e de changement. Pierre Poilievre va-t-il respecter sa promesse de couper les vivres du CBC (sans toucher \u00e0 Radio-Canada !) ?  Embl\u00e8me de l&rsquo;identit\u00e9 canadienne menac\u00e9e par le voisin am\u00e9ricain, pense-t-il retenir les transfuges lib\u00e9raux et npd qui pensent voter pour lui et qui tiennent mordicus \u00e0 CBC dans une \u00e9lection o\u00f9 l&rsquo;enjeu n&rsquo;est pas la taxe sur le carbone mais l&rsquo;avenir du Canada ? Couper CBC, \u00e7a va passer pour \u00eatre le geste de quelqu&rsquo;un dans la poche de Trump. Est-ce qu&rsquo;on voudra un tel homme \u00e0 la t\u00eate du pays face \u00e0 Trump ? Pauvre Pierre Poilievre, chouchou du propagandiste en chef Musk, comment va-t-il se transformer en d\u00e9fenseur du Canada ? C&rsquo;est quand m\u00eame int\u00e9ressant les cons\u00e9quences des \u00e2neries de Trump. <\/p>\n\n\n\n<p class=\"wp-block-paragraph\">Faut pas se leurrer sur les intentions de Trump. Est-ce qu&rsquo;on lui a jamais demand\u00e9 s&rsquo;il se voyait comme un des grands hommes de l&rsquo;Histoire qui redessine les fronti\u00e8res des pays ? Peut-on s&rsquo;imaginer qu&rsquo;il puisse r\u00e9pondre non \u00e0 cette question ? Dictateur pour un seul jour, a-t-il dit promis d&rsquo;\u00eatre. Il est aussi possible que tout cela soit juste un peu de boucane trumpienne pour qu&rsquo;on parle de lui au lieu de Jimmy Carter, pr\u00e9sident exemplaire par excellence qu&rsquo;il ne sera jamais. Trump ne dig\u00e8re pas que les drapeaux soient en berne pendant 30 jours \u00e0 la suite de la mort d&rsquo;un pr\u00e9sident, c&rsquo;est \u00e0 dire pendant son inauguration. \u00c7a chicote cet homme obs\u00e9d\u00e9 par le d\u00e9tail de ses manifestations.  Que va-t-il se passer lorsque le repris de justice Trump sera pr\u00e9sident ? La promesse de r\u00e9gler la guerre en Ukraine en 24\u00a0h est devenu \u00ab en 100 jours \u00bb.  La r\u00e9alit\u00e9 n&rsquo;est pas magique, il n&rsquo;est pas roi et il ne suffit pas de dire quelque chose pour qu&rsquo;elle se r\u00e9alise. Nous avons d\u00e9j\u00e0 un roi, Charles III, qui viendra assur\u00e9ment \u00e0 notre secours, pour dire \u00e0 Donald \u00abNon non non, touche pas \u00e0 \u00e7a Donald. Au Canada, c&rsquo;est mo\u00e9 le ro\u00e9.\u00a0\u00bb 2025, \u00e7a va \u00eatre un bien bonne ann\u00e9e.<\/p>\n\n\n\n<p class=\"wp-block-paragraph\"><\/p>\n","protected":false},"excerpt":{"rendered":"<p>2025 va \u00eatre une ann\u00e9e fantastique. Bien cach\u00e9 \u00e0 la page 26 du Monde dat\u00e9 10 janvier, la parution d&rsquo;un livre documentant comment Donald Trump a \u00e9t\u00e9 cultiv\u00e9 par les services secrets russes, Si c&rsquo;est vrai, \u00e7a explique bien des choses et \u00e7a laisse pr\u00e9sager une ann\u00e9e o\u00f9 tous nos rep\u00e8res seront brouill\u00e9s.<\/p>\n","protected":false},"author":4,"featured_media":746,"comment_status":"open","ping_status":"open","sticky":false,"template":"","format":"standard","meta":{"_acf_changed":false,"_crdt_document":"","site-sidebar-layout":"default","site-content-layout":"","ast-site-content-layout":"default","site-content-style":"default","site-sidebar-style":"default","ast-global-header-display":"","ast-banner-title-visibility":"","ast-main-header-display":"","ast-hfb-above-header-display":"","ast-hfb-below-header-display":"","ast-hfb-mobile-header-display":"","site-post-title":"","ast-breadcrumbs-content":"","ast-featured-img":"disabled","footer-sml-layout":"","ast-disable-related-posts":"","theme-transparent-header-meta":"","adv-header-id-meta":"","stick-header-meta":"","header-above-stick-meta":"","header-main-stick-meta":"","header-below-stick-meta":"","astra-migrate-meta-layouts":"set","ast-page-background-enabled":"default","ast-page-background-meta":{"desktop":{"background-color":"var(--ast-global-color-4)","background-image":"","background-repeat":"repeat","background-position":"center center","background-size":"auto","background-attachment":"scroll","background-type":"","background-media":"","overlay-type":"","overlay-color":"","overlay-opacity":"","overlay-gradient":""},"tablet":{"background-color":"","background-image":"","background-repeat":"repeat","background-position":"center center","background-size":"auto","background-attachment":"scroll","background-type":"","background-media":"","overlay-type":"","overlay-color":"","overlay-opacity":"","overlay-gradient":""},"mobile":{"background-color":"","background-image":"","background-repeat":"repeat","background-position":"center center","background-size":"auto","background-attachment":"scroll","background-type":"","background-media":"","overlay-type":"","overlay-color":"","overlay-opacity":"","overlay-gradient":""}},"ast-content-background-meta":{"desktop":{"background-color":"var(--ast-global-color-5)","background-image":"","background-repeat":"repeat","background-position":"center center","background-size":"auto","background-attachment":"scroll","background-type":"","background-media":"","overlay-type":"","overlay-color":"","overlay-opacity":"","overlay-gradient":""},"tablet":{"background-color":"var(--ast-global-color-5)","background-image":"","background-repeat":"repeat","background-position":"center center","background-size":"auto","background-attachment":"scroll","background-type":"","background-media":"","overlay-type":"","overlay-color":"","overlay-opacity":"","overlay-gradient":""},"mobile":{"background-color":"var(--ast-global-color-5)","background-image":"","background-repeat":"repeat","background-position":"center center","background-size":"auto","background-attachment":"scroll","background-type":"","background-media":"","overlay-type":"","overlay-color":"","overlay-opacity":"","overlay-gradient":""}},"footnotes":""},"categories":[5,1],"tags":[69,70],"taxon-du-petit-parc":[56],"class_list":["post-730","post","type-post","status-publish","format-standard","has-post-thumbnail","hentry","category-le-moyen-age-electrique","category-non-classe","tag-notre-homme-a-washington","tag-regis-gente","taxon-du-petit-parc-tribune"],"acf":[],"_links":{"self":[{"href":"https:\/\/lepetitparc.ca\/gilbert\/wp-json\/wp\/v2\/posts\/730","targetHints":{"allow":["GET"]}}],"collection":[{"href":"https:\/\/lepetitparc.ca\/gilbert\/wp-json\/wp\/v2\/posts"}],"about":[{"href":"https:\/\/lepetitparc.ca\/gilbert\/wp-json\/wp\/v2\/types\/post"}],"author":[{"embeddable":true,"href":"https:\/\/lepetitparc.ca\/gilbert\/wp-json\/wp\/v2\/users\/4"}],"replies":[{"embeddable":true,"href":"https:\/\/lepetitparc.ca\/gilbert\/wp-json\/wp\/v2\/comments?post=730"}],"version-history":[{"count":5,"href":"https:\/\/lepetitparc.ca\/gilbert\/wp-json\/wp\/v2\/posts\/730\/revisions"}],"predecessor-version":[{"id":750,"href":"https:\/\/lepetitparc.ca\/gilbert\/wp-json\/wp\/v2\/posts\/730\/revisions\/750"}],"wp:featuredmedia":[{"embeddable":true,"href":"https:\/\/lepetitparc.ca\/gilbert\/wp-json\/wp\/v2\/media\/746"}],"wp:attachment":[{"href":"https:\/\/lepetitparc.ca\/gilbert\/wp-json\/wp\/v2\/media?parent=730"}],"wp:term":[{"taxonomy":"category","embeddable":true,"href":"https:\/\/lepetitparc.ca\/gilbert\/wp-json\/wp\/v2\/categories?post=730"},{"taxonomy":"post_tag","embeddable":true,"href":"https:\/\/lepetitparc.ca\/gilbert\/wp-json\/wp\/v2\/tags?post=730"},{"taxonomy":"taxon-du-petit-parc","embeddable":true,"href":"https:\/\/lepetitparc.ca\/gilbert\/wp-json\/wp\/v2\/taxon-du-petit-parc?post=730"}],"curies":[{"name":"wp","href":"https:\/\/api.w.org\/{rel}","templated":true}]}}