{"id":95,"date":"2024-06-09T13:28:05","date_gmt":"2024-06-09T17:28:05","guid":{"rendered":"https:\/\/lepetitparc.ca\/bytchello\/?p=95"},"modified":"2026-02-08T17:25:16","modified_gmt":"2026-02-08T22:25:16","slug":"que-signifie-etre-competente-en-services-a-lenfance","status":"publish","type":"post","link":"https:\/\/lepetitparc.ca\/bytchello\/2024\/06\/09\/que-signifie-etre-competente-en-services-a-lenfance\/","title":{"rendered":"Que signifie \u00eatre comp\u00e9tent(e) en services \u00e0 l\u2019enfance ?"},"content":{"rendered":"\n<figure class=\"wp-block-image alignleft is-resized\"><img decoding=\"async\" data-src=\"https:\/\/lepetitparc.ca\/bytchello\/wp-content\/uploads\/sites\/36\/2025\/07\/BP_Petit-Parc-150x150.jpg\" alt=\"The current image has no alternative text. The file name is: BP_Petit-Parc.jpg\" style=\"--smush-placeholder-width: 150px; --smush-placeholder-aspect-ratio: 150\/150;width:112px;height:auto\" src=\"data:image\/svg+xml;base64,PHN2ZyB3aWR0aD0iMSIgaGVpZ2h0PSIxIiB4bWxucz0iaHR0cDovL3d3dy53My5vcmcvMjAwMC9zdmciPjwvc3ZnPg==\" class=\"lazyload\" \/><\/figure>\n\n\n\n<p class=\"wp-block-paragraph\">Il est unanime \u00e0 reconna\u00eetre qu\u2019il existe des gens qui ont beaucoup de m\u00e9rite, pour ne pas dire de nombreuses qualit\u00e9s estimables dans leur travail. Cette consid\u00e9ration se traduit surtout par leur savoir-faire (habilet\u00e9s intellectuelles, comp\u00e9tences, techniques ou exp\u00e9riences pratiques) et leur savoir-\u00eatre (attitudes et fa\u00e7ons d\u2019agir). Mais, est-ce que ces personnes-l\u00e0 sont comp\u00e9tentes pour autant ? Malheureusement, la r\u00e9ponse n\u2019est pas toujours affirmative.<\/p>\n\n\n\n<p class=\"wp-block-paragraph\"><strong>La comp\u00e9tence ?<\/strong><\/p>\n\n\n\n<p class=\"wp-block-paragraph\">Le grand dictionnaire terminologique d\u00e9finit la comp\u00e9tence comme \u00e9tant un<strong> \u00ab s<\/strong><strong>avoir-agir<\/strong> r\u00e9sultant de la mobilisation et de l\u2019utilisation efficaces d\u2019un ensemble de <strong>ressources internes<\/strong> ou <strong>externes<\/strong> dans des situations authentiques d\u2019apprentissage ou dans un contexte professionnel.<\/p>\n\n\n\n<p class=\"wp-block-paragraph\"><strong>La comp\u00e9tence est complexe<\/strong> en ce sens qu\u2019elle est plus qu\u2019une somme de composantes ; elle doit donc \u00eatre \u00e9valu\u00e9e globalement. <strong>Elle est aussi \u00e9volutive<\/strong>, car elle se d\u00e9veloppe avec le temps, \u00e0 l\u2019int\u00e9rieur comme \u00e0 l\u2019ext\u00e9rieur du cadre scolaire.<\/p>\n\n\n\n<p class=\"wp-block-paragraph\">Par <strong>ressources internes<\/strong>, on entend notamment les acquis scolaires de la personne, ses connaissances, ses attitudes, ses capacit\u00e9s, ses habilet\u00e9s, ses champs d\u2019int\u00e9r\u00eat. Quant aux <strong>ressources externes<\/strong>, il peut s\u2019agir, par exemple, des services p\u00e9dagogiques offerts par un enseignant ou une personne-ressource, de l\u2019aide fournie par un pair, de l\u2019utilisation de sources documentaires.<\/p>\n\n\n\n<p class=\"wp-block-paragraph\">En formation professionnelle et technique, la comp\u00e9tence fait r\u00e9f\u00e9rence \u00e0 un ensemble int\u00e9gr\u00e9 de connaissances, d\u2019habilet\u00e9s, de perceptions et d\u2019attitudes permettant d\u2019exercer correctement une fonction ou une t\u00e2che li\u00e9e au m\u00e9tier choisi.<\/p>\n\n\n\n<p class=\"wp-block-paragraph\">En formation pr\u00e9universitaire, la comp\u00e9tence repose sur des connaissances, des habilet\u00e9s, des perceptions et des attitudes permettant de r\u00e9ussir des \u00e9tudes universitaires dans le domaine vis\u00e9.<\/p>\n\n\n\n<p class=\"wp-block-paragraph\">En formation g\u00e9n\u00e9rale des adultes, la comp\u00e9tence fait r\u00e9f\u00e9rence \u00e0 un ensemble int\u00e9gr\u00e9 de connaissances, d\u2019habilet\u00e9s, de perceptions et d\u2019attitudes permettant de faire face \u00e0 une famille de situations de vie \u00bb (source&nbsp;: <a href=\"http:\/\/www.granddictionnaire.com\/ficheOqlf.aspx?Id_Fiche=8358630\">http:\/\/www.granddictionnaire.com\/ficheOqlf.aspx?Id_Fiche=8358630<\/a>).<\/p>\n\n\n\n<p class=\"wp-block-paragraph\">Il est clair que la connaissance ne suff\u00eet pas pour qu\u2019une personne soit comp\u00e9tente : il faut, en plus, que son savoir soit reconnu. Cette reconnaissance, \u00e0 mon humble avis, doit absolument, en termes de ressources internes, r\u00e9sulter d\u2019une qualification, sans s\u2019y limiter, bien \u00e9videmment, car un travail professionnel et soutenu en est une caract\u00e9ristique compl\u00e9mentaire.<\/p>\n\n\n\n<p class=\"wp-block-paragraph\">En conclusion, \u00eatre comp\u00e9tent (e), c\u2019est avoir les connaissances n\u00e9cessaires (approfondies et reconnues) pour exercer sa profession ou son activit\u00e9 professionnelle. Et dans le domaine de l\u2019\u00e9ducation de la petite enfance (services \u00e0 l\u2019enfance), les intervenants et intervenantes, en plus de leurs exp\u00e9riences pratiques et de leurs conduites \u00ab \u00e9thiques \u00bb, ont besoin d\u2019\u00eatre dot\u00e9.es d\u2019une grande connaissance et exp\u00e9rience dans le domaine du d\u00e9veloppement, de l\u2019observation et de l\u2019\u00e9valuation des petits enfants&#8230; N\u2019est-ce pas en qu\u00eate de ce savoir que plus d\u2019un a fait le choix tr\u00e8s honorable et r\u00e9aliste de se perfectionner dans leur future profession ?&nbsp; Qu\u2019en est-il de la reconnaissance sociale, consid\u00e9r\u00e9e comme l\u2019un des principes d\u2019\u00e9thique ? Ne proviendra-t-elle pas de ces connaissances ? \u00c0 vous d\u2019en juger !<\/p>\n\n\n\n<p class=\"wp-block-paragraph\"><strong>Bytchello Pr\u00e9vil<\/strong><\/p>\n\n\n\n<p class=\"wp-block-paragraph\">Site Internet\u00a0: <a href=\"http:\/\/www.0faute.org\">www.0faute.org<\/a><\/p>\n\n\n\n<p class=\"wp-block-paragraph\">Ressource et\/ou r\u00e9f\u00e9rence<\/p>\n\n\n\n<p class=\"wp-block-paragraph\">https:\/\/vitrinelinguistique.oqlf.gouv.qc.ca\/fiche-gdt\/fiche\/8358630\/competence?utm_campaign=Redirection%20des%20anciens%20outils&amp;utm_content=id_fiche%3D8358630&amp;utm_source=GDT (consult\u00e9 le 9 juin 2024)<\/p>\n","protected":false},"excerpt":{"rendered":"<p>Il est unanime \u00e0 reconna\u00eetre qu\u2019il existe des gens qui ont beaucoup de m\u00e9rite, pour ne pas dire de nombreuses qualit\u00e9s estimables dans leur travail. Cette consid\u00e9ration se traduit surtout par leur savoir-faire (habilet\u00e9s intellectuelles, comp\u00e9tences, techniques ou exp\u00e9riences pratiques) et leur savoir-\u00eatre (attitudes et fa\u00e7ons d\u2019agir). Mais, est-ce que ces personnes-l\u00e0 sont comp\u00e9tentes pour [&hellip;]<\/p>\n","protected":false},"author":31,"featured_media":290,"comment_status":"open","ping_status":"open","sticky":false,"template":"","format":"standard","meta":{"_acf_changed":false,"_crdt_document":"","site-sidebar-layout":"default","site-content-layout":"","ast-site-content-layout":"default","site-content-style":"default","site-sidebar-style":"default","ast-global-header-display":"","ast-banner-title-visibility":"","ast-main-header-display":"","ast-hfb-above-header-display":"","ast-hfb-below-header-display":"","ast-hfb-mobile-header-display":"","site-post-title":"","ast-breadcrumbs-content":"","ast-featured-img":"","footer-sml-layout":"","ast-disable-related-posts":"","theme-transparent-header-meta":"","adv-header-id-meta":"","stick-header-meta":"","header-above-stick-meta":"","header-main-stick-meta":"","header-below-stick-meta":"","astra-migrate-meta-layouts":"set","ast-page-background-enabled":"default","ast-page-background-meta":{"desktop":{"background-color":"var(--ast-global-color-4)","background-image":"","background-repeat":"repeat","background-position":"center center","background-size":"auto","background-attachment":"scroll","background-type":"","background-media":"","overlay-type":"","overlay-color":"","overlay-opacity":"","overlay-gradient":""},"tablet":{"background-color":"","background-image":"","background-repeat":"repeat","background-position":"center center","background-size":"auto","background-attachment":"scroll","background-type":"","background-media":"","overlay-type":"","overlay-color":"","overlay-opacity":"","overlay-gradient":""},"mobile":{"background-color":"","background-image":"","background-repeat":"repeat","background-position":"center center","background-size":"auto","background-attachment":"scroll","background-type":"","background-media":"","overlay-type":"","overlay-color":"","overlay-opacity":"","overlay-gradient":""}},"ast-content-background-meta":{"desktop":{"background-color":"var(--ast-global-color-5)","background-image":"","background-repeat":"repeat","background-position":"center center","background-size":"auto","background-attachment":"scroll","background-type":"","background-media":"","overlay-type":"","overlay-color":"","overlay-opacity":"","overlay-gradient":""},"tablet":{"background-color":"var(--ast-global-color-5)","background-image":"","background-repeat":"repeat","background-position":"center center","background-size":"auto","background-attachment":"scroll","background-type":"","background-media":"","overlay-type":"","overlay-color":"","overlay-opacity":"","overlay-gradient":""},"mobile":{"background-color":"var(--ast-global-color-5)","background-image":"","background-repeat":"repeat","background-position":"center center","background-size":"auto","background-attachment":"scroll","background-type":"","background-media":"","overlay-type":"","overlay-color":"","overlay-opacity":"","overlay-gradient":""}},"footnotes":""},"categories":[1],"tags":[],"taxon-du-petit-parc":[],"class_list":["post-95","post","type-post","status-publish","format-standard","has-post-thumbnail","hentry","category-non-classe"],"acf":[],"_links":{"self":[{"href":"https:\/\/lepetitparc.ca\/bytchello\/wp-json\/wp\/v2\/posts\/95","targetHints":{"allow":["GET"]}}],"collection":[{"href":"https:\/\/lepetitparc.ca\/bytchello\/wp-json\/wp\/v2\/posts"}],"about":[{"href":"https:\/\/lepetitparc.ca\/bytchello\/wp-json\/wp\/v2\/types\/post"}],"author":[{"embeddable":true,"href":"https:\/\/lepetitparc.ca\/bytchello\/wp-json\/wp\/v2\/users\/31"}],"replies":[{"embeddable":true,"href":"https:\/\/lepetitparc.ca\/bytchello\/wp-json\/wp\/v2\/comments?post=95"}],"version-history":[{"count":5,"href":"https:\/\/lepetitparc.ca\/bytchello\/wp-json\/wp\/v2\/posts\/95\/revisions"}],"predecessor-version":[{"id":470,"href":"https:\/\/lepetitparc.ca\/bytchello\/wp-json\/wp\/v2\/posts\/95\/revisions\/470"}],"wp:featuredmedia":[{"embeddable":true,"href":"https:\/\/lepetitparc.ca\/bytchello\/wp-json\/wp\/v2\/media\/290"}],"wp:attachment":[{"href":"https:\/\/lepetitparc.ca\/bytchello\/wp-json\/wp\/v2\/media?parent=95"}],"wp:term":[{"taxonomy":"category","embeddable":true,"href":"https:\/\/lepetitparc.ca\/bytchello\/wp-json\/wp\/v2\/categories?post=95"},{"taxonomy":"post_tag","embeddable":true,"href":"https:\/\/lepetitparc.ca\/bytchello\/wp-json\/wp\/v2\/tags?post=95"},{"taxonomy":"taxon-du-petit-parc","embeddable":true,"href":"https:\/\/lepetitparc.ca\/bytchello\/wp-json\/wp\/v2\/taxon-du-petit-parc?post=95"}],"curies":[{"name":"wp","href":"https:\/\/api.w.org\/{rel}","templated":true}]}}