{"id":90,"date":"2024-05-05T09:52:39","date_gmt":"2024-05-05T13:52:39","guid":{"rendered":"https:\/\/lepetitparc.ca\/bytchello\/?p=90"},"modified":"2025-07-06T19:45:08","modified_gmt":"2025-07-06T23:45:08","slug":"lobservation-un-outil-precieux-au-service-des-pedagogues","status":"publish","type":"post","link":"https:\/\/lepetitparc.ca\/bytchello\/2024\/05\/05\/lobservation-un-outil-precieux-au-service-des-pedagogues\/","title":{"rendered":"L\u2019observation\u00a0: un outil pr\u00e9cieux au service des p\u00e9dagogues"},"content":{"rendered":"\n<figure class=\"wp-block-image alignleft size-full is-resized\"><img fetchpriority=\"high\" decoding=\"async\" width=\"480\" height=\"640\" src=\"https:\/\/lepetitparc.ca\/bytchello\/wp-content\/uploads\/sites\/36\/2023\/11\/BP_A2019-e1710194737653.jpg\" alt=\"\" class=\"wp-image-67\" style=\"width:189px;height:auto\" srcset=\"https:\/\/lepetitparc.ca\/bytchello\/wp-content\/uploads\/sites\/36\/2023\/11\/BP_A2019-e1710194737653.jpg 480w, https:\/\/lepetitparc.ca\/bytchello\/wp-content\/uploads\/sites\/36\/2023\/11\/BP_A2019-e1710194737653-225x300.jpg 225w\" sizes=\"(max-width: 480px) 100vw, 480px\" \/><\/figure>\n\n\n\n<p class=\"wp-block-paragraph\">L\u2019observation joue un r\u00f4le tr\u00e8s important dans l\u2019\u00e9ducation en services \u00e0 l\u2019enfance. Elle fait partie de la gamme de connaissances que les \u00e9tudiants et \u00e9tudiantes dans ce domaine doivent acqu\u00e9rir, notamment au Canada, plus pr\u00e9cis\u00e9ment, dans la province de l\u2019Ontario. Elle est aussi la base de n\u2019importe quelle activit\u00e9 \u00e9ducative que les p\u00e9dagogues (y compris les professionnel.le.s de la petite enfance) sont appel\u00e9s \u00e0 concevoir et \u00e0 r\u00e9aliser au profit des enfants qui leur sont confi\u00e9s.<\/p>\n\n\n\n<p class=\"wp-block-paragraph\">Il est vrai que n\u2019importe qui peut observer. Il s\u2019agit d\u2019une capacit\u00e9 que tout \u00eatre humain apprend \u00e0 d\u00e9velopper \u00e0 partir du stade de l\u2019intelligence sensori-motrice, pour ne pas dire d\u00e8s sa naissance. Cependant, <strong>dans la profession \u00e9ducative, l\u2019observation d\u00e9passe le cadre naturel.<\/strong> Elle doit \u00eatre organis\u00e9e. En ce sens, l\u2019observateur ou l\u2019observatrice garde, \u00e0 la fois, une attitude active (en activant ses sens) et passive (en conformant son esprit \u00e0 l\u2019objet observ\u00e9). En cons\u00e9quence, il\/elle ne peut se permettre d\u2019observer pour rien et n\u2019importe comment.<\/p>\n\n\n\n<p class=\"wp-block-paragraph\"><strong>Pourquoi observer ?<\/strong><\/p>\n\n\n\n<p class=\"wp-block-paragraph\">D\u2019une mani\u00e8re g\u00e9n\u00e9rale, les p\u00e9dagogues observent pour pouvoir intervenir ad\u00e9quatement aupr\u00e8s des enfants qui sont sous leur surveillance professionnelle. Sp\u00e9cifiquement, ils\/elles parviennent, par l\u2019observation, \u00e0 conna\u00eetre ces derniers, \u00e0 \u00e9laborer de meilleurs sc\u00e9narios d\u2019intervention, \u00e0 colliger des renseignements utiles qu\u2019ils\/elles peuvent transmettre aux parents\u2026 En observant, ils\/elles peuvent m\u00eame arriver \u00e0 se remettre en question, la remise en question \u00e9tant un aspect important de leur r\u00f4le, de leurs comp\u00e9tences, bref du professionnalisme !<\/p>\n\n\n\n<p class=\"wp-block-paragraph\">Lorsque les p\u00e9dagogues observent, ils\/elles misent, entre autres, sur l\u2019impartialit\u00e9 et l\u2019inclusivit\u00e9 en utilisant un langage exempt de pr\u00e9jug\u00e9s. Ce savoir-faire, difficile \u00e0 ma\u00eetriser quand on travaille avec des \u00eatres humains, s\u2019appelle objectivit\u00e9. Celle-ci peut se d\u00e9finir comme \u00e9tant l\u2019habilet\u00e9 \u00e0 d\u00e9crire la r\u00e9alit\u00e9 le plus fid\u00e8lement possible. En se limitant aux faits, ces professionnel.le.s \u00e9vitent de faire intervenir des \u00e9l\u00e9ments affectifs et personnels dans leurs observations, car ils\/elles ne doivent avoir aucun \u00ab parti pris \u00bb, hormis le bien-\u00eatre de tous les enfants avec lesquels ils\/elles travaillent.&nbsp;<\/p>\n\n\n\n<p class=\"wp-block-paragraph\"><strong>Comment observer ?<\/strong><\/p>\n\n\n\n<p class=\"wp-block-paragraph\">L\u2019observation s\u2019inscrit g\u00e9n\u00e9ralement dans un processus que l\u2019on peut diviser en trois \u00e9tapes principales&nbsp;: <strong>Observer, analyser et intervenir<\/strong>. La ma\u00eetrise de ces trois concepts permet d\u2019appliquer facilement ce processus en milieu de services \u00e0 l\u2019enfance.<\/p>\n\n\n\n<p class=\"wp-block-paragraph\"><strong>Observer,<\/strong> c\u2019est l\u2019action de consid\u00e9rer, avec une attention suivie, la nature, l\u2019\u00eatre humain, la soci\u00e9t\u00e9 afin de mieux les conna\u00eetre (source&nbsp;: <em>Le Petit Robert<\/em>). En d\u2019autres termes, ce n\u2019est pas seulement voir, mais c\u2019est aussi regarder attentivement ! Il s\u2019agit de l\u2019\u00e9tape de l\u2019observation des faits, de la collecte et de l\u2019enregistrement des donn\u00e9es \u00e0 un moment donn\u00e9 et dans un lieu particulier. Cette \u00e9tape permet de r\u00e9pondre \u00e0 la question&nbsp;\u00ab <strong>que se passe-t-il <\/strong>\u00bb ?<\/p>\n\n\n\n<p class=\"wp-block-paragraph\"><strong>Analyser,<\/strong> c\u2019est classer, trier, comprendre les donn\u00e9es recueillies lors de l\u2019observation. C\u2019est l\u2019\u00e9tape de l\u2019examen des faits et de l\u2019\u00e9tablissement des liens logiques entre ceux-ci pour en faire une synth\u00e8se. Cette \u00e9tape, qui s\u2019effectue sans la pr\u00e9sence des enfants, est la r\u00e9ponse \u00e0 la question \u00ab <strong>que dois-je retenir \u00bb <\/strong>?<\/p>\n\n\n\n<p class=\"wp-block-paragraph\"><strong>Intervenir,<\/strong> c\u2019est d\u00e9cider (dans l\u2019int\u00e9r\u00eat de l\u2019enfant ou du groupe observ\u00e9) en utilisant les connaissances issues de l\u2019observation pour produire un changement positif d\u00e9sir\u00e9 dans une situation concr\u00e8te ou tout simplement pour stimuler et soutenir\u2026 Il est important de noter, en passant, qu\u2019on peut intervenir de <strong>fa\u00e7on directe<\/strong> (par des gestes ou des explications), de <strong>fa\u00e7on indirecte<\/strong> (en r\u00e9am\u00e9nageant l\u2019espace, par exemple) ou de fa\u00e7on <strong>semi-directe<\/strong> (en pr\u00e9sentant un mod\u00e8le \u00e0 imiter). La derni\u00e8re \u00e9tape du processus d\u2019observation permet de trouver la r\u00e9ponse \u00e0 la question \u00ab <strong>que puis-je faire <\/strong>\u00bb ?<\/p>\n\n\n\n<p class=\"wp-block-paragraph\">Il importe de souligner qu\u2019apr\u00e8s une intervention, les p\u00e9dagogues font imm\u00e9diatement l\u2019\u00e9valuation de celle-ci en v\u00e9rifiant si l\u2019ensemble de leur d\u00e9marche a bien fonctionn\u00e9 ou pas en r\u00e9pondant \u00e0 cette question \u00ab <strong>qu\u2019ai-je r\u00e9ussi ou moins bien r\u00e9ussi <\/strong>\u00bb ?<\/p>\n\n\n\n<p class=\"wp-block-paragraph\">En guise de conclusion, voici quelques principes qui peuvent \u00eatre suivis lors de l\u2019observation&nbsp;:<\/p>\n\n\n\n<ul class=\"wp-block-list\">\n<li>&nbsp;observer chacun des enfants de son&nbsp; groupe ;<\/li>\n\n\n\n<li>\u00e9tablir un syst\u00e8me de rotation \u00e0 diff\u00e9rents moments de la journ\u00e9e et \u00e0 diff\u00e9rentes p\u00e9riodes de l&rsquo;ann\u00e9e ;<\/li>\n\n\n\n<li>&nbsp;pr\u00e9voir une reprise p\u00e9riodique de l&rsquo;observation de tous les enfants, pour les voir \u00e0 diff\u00e9rents moments de la journ\u00e9e ou de l&rsquo;ann\u00e9e ;<\/li>\n\n\n\n<li>observer les aspects jug\u00e9s importants ;<\/li>\n\n\n\n<li>observer la nature des activit\u00e9s ;<\/li>\n\n\n\n<li>individualiser l\u2019observation en accumulant des connaissances sur chaque enfant.<\/li>\n<\/ul>\n\n\n\n<p class=\"wp-block-paragraph\">L\u2019observation, n\u2019est-elle pas un outil pr\u00e9cieux au service des p\u00e9dagogues ?<\/p>\n\n\n\n<p class=\"wp-block-paragraph\"><strong>Bytchello Pr\u00e9vil<\/strong>,<strong>&nbsp;<\/strong>\u00e9crivain, \u00e9ducateur, instructeur de FLS, superviseur agr\u00e9\u00e9 et titulaire d&rsquo;une prestigieuse bourse d&rsquo;excellence scolaire en administration des services \u00e0 l&rsquo;enfance<\/p>\n\n\n\n<p class=\"wp-block-paragraph\"><a href=\"mailto:bytchello.previl@0faute.org\">bytchello.previl@0faute.org<\/a><\/p>\n\n\n\n<p class=\"wp-block-paragraph\"><a href=\"http:\/\/www.0faute.org\">www.0faute.org<\/a><\/p>\n\n\n\n<p class=\"wp-block-paragraph\">Orl\u00e9ans (Ontario)<\/p>\n","protected":false},"excerpt":{"rendered":"<p>L\u2019observation joue un r\u00f4le tr\u00e8s important dans l\u2019\u00e9ducation en services \u00e0 l\u2019enfance. Elle fait partie de la gamme de connaissances que les \u00e9tudiants et \u00e9tudiantes dans ce domaine doivent acqu\u00e9rir, notamment au Canada, plus pr\u00e9cis\u00e9ment, dans la province de l\u2019Ontario. Elle est aussi la base de n\u2019importe quelle activit\u00e9 \u00e9ducative que les p\u00e9dagogues (y compris [&hellip;]<\/p>\n","protected":false},"author":31,"featured_media":0,"comment_status":"open","ping_status":"open","sticky":false,"template":"","format":"standard","meta":{"_acf_changed":false,"_crdt_document":"","site-sidebar-layout":"default","site-content-layout":"","ast-site-content-layout":"default","site-content-style":"default","site-sidebar-style":"default","ast-global-header-display":"","ast-banner-title-visibility":"","ast-main-header-display":"","ast-hfb-above-header-display":"","ast-hfb-below-header-display":"","ast-hfb-mobile-header-display":"","site-post-title":"","ast-breadcrumbs-content":"","ast-featured-img":"","footer-sml-layout":"","ast-disable-related-posts":"","theme-transparent-header-meta":"","adv-header-id-meta":"","stick-header-meta":"","header-above-stick-meta":"","header-main-stick-meta":"","header-below-stick-meta":"","astra-migrate-meta-layouts":"set","ast-page-background-enabled":"default","ast-page-background-meta":{"desktop":{"background-color":"var(--ast-global-color-4)","background-image":"","background-repeat":"repeat","background-position":"center center","background-size":"auto","background-attachment":"scroll","background-type":"","background-media":"","overlay-type":"","overlay-color":"","overlay-opacity":"","overlay-gradient":""},"tablet":{"background-color":"","background-image":"","background-repeat":"repeat","background-position":"center center","background-size":"auto","background-attachment":"scroll","background-type":"","background-media":"","overlay-type":"","overlay-color":"","overlay-opacity":"","overlay-gradient":""},"mobile":{"background-color":"","background-image":"","background-repeat":"repeat","background-position":"center center","background-size":"auto","background-attachment":"scroll","background-type":"","background-media":"","overlay-type":"","overlay-color":"","overlay-opacity":"","overlay-gradient":""}},"ast-content-background-meta":{"desktop":{"background-color":"var(--ast-global-color-5)","background-image":"","background-repeat":"repeat","background-position":"center center","background-size":"auto","background-attachment":"scroll","background-type":"","background-media":"","overlay-type":"","overlay-color":"","overlay-opacity":"","overlay-gradient":""},"tablet":{"background-color":"var(--ast-global-color-5)","background-image":"","background-repeat":"repeat","background-position":"center center","background-size":"auto","background-attachment":"scroll","background-type":"","background-media":"","overlay-type":"","overlay-color":"","overlay-opacity":"","overlay-gradient":""},"mobile":{"background-color":"var(--ast-global-color-5)","background-image":"","background-repeat":"repeat","background-position":"center center","background-size":"auto","background-attachment":"scroll","background-type":"","background-media":"","overlay-type":"","overlay-color":"","overlay-opacity":"","overlay-gradient":""}},"footnotes":""},"categories":[1],"tags":[],"taxon-du-petit-parc":[],"class_list":["post-90","post","type-post","status-publish","format-standard","hentry","category-non-classe"],"acf":[],"_links":{"self":[{"href":"https:\/\/lepetitparc.ca\/bytchello\/wp-json\/wp\/v2\/posts\/90","targetHints":{"allow":["GET"]}}],"collection":[{"href":"https:\/\/lepetitparc.ca\/bytchello\/wp-json\/wp\/v2\/posts"}],"about":[{"href":"https:\/\/lepetitparc.ca\/bytchello\/wp-json\/wp\/v2\/types\/post"}],"author":[{"embeddable":true,"href":"https:\/\/lepetitparc.ca\/bytchello\/wp-json\/wp\/v2\/users\/31"}],"replies":[{"embeddable":true,"href":"https:\/\/lepetitparc.ca\/bytchello\/wp-json\/wp\/v2\/comments?post=90"}],"version-history":[{"count":3,"href":"https:\/\/lepetitparc.ca\/bytchello\/wp-json\/wp\/v2\/posts\/90\/revisions"}],"predecessor-version":[{"id":322,"href":"https:\/\/lepetitparc.ca\/bytchello\/wp-json\/wp\/v2\/posts\/90\/revisions\/322"}],"wp:attachment":[{"href":"https:\/\/lepetitparc.ca\/bytchello\/wp-json\/wp\/v2\/media?parent=90"}],"wp:term":[{"taxonomy":"category","embeddable":true,"href":"https:\/\/lepetitparc.ca\/bytchello\/wp-json\/wp\/v2\/categories?post=90"},{"taxonomy":"post_tag","embeddable":true,"href":"https:\/\/lepetitparc.ca\/bytchello\/wp-json\/wp\/v2\/tags?post=90"},{"taxonomy":"taxon-du-petit-parc","embeddable":true,"href":"https:\/\/lepetitparc.ca\/bytchello\/wp-json\/wp\/v2\/taxon-du-petit-parc?post=90"}],"curies":[{"name":"wp","href":"https:\/\/api.w.org\/{rel}","templated":true}]}}