{"id":46,"date":"2023-11-19T18:51:35","date_gmt":"2023-11-19T23:51:35","guid":{"rendered":"https:\/\/lepetitparc.ca\/bytchello\/?p=46"},"modified":"2025-06-20T17:36:24","modified_gmt":"2025-06-20T21:36:24","slug":"les-droits-de-lenfant","status":"publish","type":"post","link":"https:\/\/lepetitparc.ca\/bytchello\/2023\/11\/19\/les-droits-de-lenfant\/","title":{"rendered":"Les droits de l\u2019enfant"},"content":{"rendered":"\n<p class=\"wp-block-paragraph\">La promotion des droits de l\u2019enfant peut passer par de&nbsp;<strong>petites voix<\/strong>, mais constitue une&nbsp;<strong>grande voie<\/strong> vers la protection de l\u2019enfance.&nbsp;<\/p>\n\n\n\n<p class=\"wp-block-paragraph\"><strong>Que pouvez-vous faire pour prot\u00e9ger les enfants?&nbsp;<\/strong><\/p>\n\n\n\n<p class=\"wp-block-paragraph\">Vous pouvez commencer par le commencement, c\u2019est-\u00e0-dire commencer par (re)d\u00e9couvrir leurs droits, lesquels sont leur point commun.&nbsp;<\/p>\n\n\n\n<p class=\"wp-block-paragraph\">Voici, ci-dessous, les droits de l\u2019enfant regroup\u00e9s en dix th\u00e9matiques issues de la Convention du m\u00eame nom, c\u2019est-\u00e0-dire la&nbsp;<strong>Convention internationale des droits l\u2019enfant&nbsp;<\/strong>(CIDE), adopt\u00e9e par l\u2019Assembl\u00e9e g\u00e9n\u00e9rale des Nations Unies, le lundi 20 novembre 1989 (\u00e0 New York), et ratifi\u00e9e actuellement par 196 \u00c9tats :<\/p>\n\n\n\n<ol class=\"wp-block-list\">\n<li><strong>La VIE<\/strong><br>Le droit de vivre en paix et d&rsquo;\u00eatre prot\u00e9g\u00e9.<br>Le droit \u00e0 la nourriture et \u00e0 un toit<br>(art. 6, 27, 38).<br>&nbsp;<\/li>\n\n\n\n<li><strong>l&rsquo;IDENTITE<\/strong><br>Le droit d&rsquo;avoir un nom, une identit\u00e9, une nationalit\u00e9<br>(art. 7, 8).<br>&nbsp;<\/li>\n\n\n\n<li><strong>LA VIOLENCE<\/strong><br>Le droit d&rsquo;\u00eatre prot\u00e9g\u00e9 contre toutes formes de violences physiques ou psychologiques, contre les abus sexuels, la maltraitance, la cruaut\u00e9, l&rsquo;exploitation, l&rsquo;enl\u00e8vement, les drogues; contre la guerre et l&rsquo;enr\u00f4lement comme soldat; et d&rsquo;\u00eatre aid\u00e9 dans ces cas<br>(art. 19, 22, 33, 34, 35, 36, 37, 38, 39).<br>&nbsp;<\/li>\n\n\n\n<li><strong>L&rsquo;AIDE ET LA PROTECTION<\/strong><br>Le droit d&rsquo;\u00eatre aid\u00e9 par son gouvernement, et prot\u00e9g\u00e9 contre toute forme de discrimination<br>en cas de pauvret\u00e9, ou en raison d&rsquo;un handicap, ou de sa race, sa religion, son origine, son sexe<br>(art. 26, 27).<br>&nbsp;<\/li>\n\n\n\n<li><strong>LA FAMILLE<\/strong><br>Le droit de vivre avec sa famille, de les voir, de ne pas \u00eatre enlev\u00e9, d&rsquo;\u00eatre \u00e9lev\u00e9 par d&rsquo;autres si les parents ne peuvent pas<br>(art. 9, 10, 11, 18, 20, 21).&nbsp;<br>&nbsp;<\/li>\n\n\n\n<li><strong>L&rsquo;\u00c9DUCATION DE QUALIT\u00c9<\/strong><br>Le droit \u00e0 une \u00e9ducation de qualit\u00e9 apprenant \u00e0 vivre en paix, \u00e0 respecter les autres personnes et \u00e0 prot\u00e9ger l\u2019environnement; le droit \u00e0 l&rsquo;\u00e9ducation sans discrimination<br>(art. 23, 28, 29).&nbsp;<br>&nbsp;<\/li>\n\n\n\n<li><strong>L&rsquo;INFORMATION<\/strong><br>Le droit de s&rsquo;informer et d&rsquo;\u00eatre inform\u00e9, d&rsquo;avoir acc\u00e8s aux informations; le droit de conna\u00eetre ses droits<br>(art. 13, 17, 42).&nbsp;<br>&nbsp;<\/li>\n\n\n\n<li><strong>L&rsquo;OPINION ET LES CHOIX PERSONNELS<\/strong><br>Le droit d&rsquo;exprimer son opinion, de voir celle-ci prise en consid\u00e9ration; le droit de choisir sa religion, ses amis; le droit de se r\u00e9unir<br>(art. 12, 13, 14, 15, 30).&nbsp;<br>&nbsp;<\/li>\n\n\n\n<li><strong>LA SANT\u00c9 ET LES SOINS<\/strong><br>Le droit \u00e0 la sant\u00e9, aux soins, aux informations pour \u00eatre en bonne sant\u00e9, \u00e0 des soins sp\u00e9cifiques en cas de handicap<br>(art. 23, 24, 25).&nbsp;<br>&nbsp;<\/li>\n\n\n\n<li><strong>LE TEMPS LIBRE<\/strong><br>Le droit d&rsquo;avoir une vie priv\u00e9e, d&rsquo;avoir des loisirs pour jouer et se reposer, d&rsquo;\u00eatre prot\u00e9g\u00e9 contre le travail qui nuit ou qui emp\u00eache d&rsquo;aller \u00e0 l&rsquo;\u00e9cole<br>(art. 16, 31, 32).<\/li>\n<\/ol>\n\n\n\n<p class=\"wp-block-paragraph\">En guise de conclusion, si ces\u00a0<strong>\u00e9nonc\u00e9s<\/strong>\u00a0(droits de l\u2019enfant) pouvaient \u00eatre transform\u00e9s en\u00a0<strong>actes concrets<\/strong>\u00a0et favorables aux enfants, peu importe o\u00f9 ces derniers habitent sur terre, le monde serait meilleur, car\u00a0<strong>les enfants sont les repr\u00e9sentants de l&rsquo;avenir de l&rsquo;humanit\u00e9<\/strong>! <\/p>\n\n\n\n<p class=\"wp-block-paragraph\"><strong>Bytchello Pr\u00e9vil<\/strong>,<strong>&nbsp;<\/strong>\u00e9crivain, \u00e9ducateur, instructeur de FLS, superviseur agr\u00e9\u00e9 et titulaire d&rsquo;une prestigieuse bourse d&rsquo;excellence scolaire en administration des services \u00e0 l&rsquo;enfance<\/p>\n\n\n\n<p class=\"wp-block-paragraph\">bytchello.previl@0faute.org&nbsp;<\/p>\n\n\n\n<p class=\"wp-block-paragraph\">Ressources et\/ou r\u00e9f\u00e9rences :&nbsp;<a href=\"https:\/\/www.grainesdepaix.org\/fr\/ressources\/references\/droits-de-lenfant\/droits-des-enfants-a-la-vie-a-la-securite-a-leducation\">https:\/\/www.grainesdepaix.org\/fr\/ressources\/references\/droits-de-lenfant\/droits-des-enfants-a-la-vie-a-la-securite-a-leducation<\/a>&nbsp;(consult\u00e9 le 19 novembre 2023)<\/p>\n\n\n\n<p class=\"wp-block-paragraph\"><a href=\"https:\/\/youtu.be\/Gb_2JOdiuZs?si=07JTTOhl1nsImLis\">https:\/\/youtu.be\/Gb_2JOdiuZs?si=07JTTOhl1nsImLis<\/a>&nbsp;(Comprendre les droits de l\u2019enfant, une vid\u00e9o visionn\u00e9e le 19 novembre 2023)<\/p>\n\n\n\n<p class=\"wp-block-paragraph\"><a href=\"https:\/\/childrenfirstcanada.org\/fr\/blog\/12-child-rights-everyone-should-know\/\">https:\/\/childrenfirstcanada.org\/fr\/blog\/12-child-rights-everyone-should-know\/<\/a>&nbsp;(consult\u00e9 le 19 novembre 2023)<\/p>\n\n\n\n<p class=\"wp-block-paragraph\"><a href=\"https:\/\/treaties.un.org\/Pages\/ViewDetails.aspx?src=TREATY&amp;mtdsg_no=IV-11&amp;chapter=4&amp;clang=_fr\">https:\/\/treaties.un.org\/Pages\/ViewDetails.aspx?src=TREATY&amp;mtdsg_no=IV-11&amp;chapter=4&amp;clang=_fr<\/a>(consult\u00e9 le 19 novembre 2023)<\/p>\n","protected":false},"excerpt":{"rendered":"<p>La promotion des droits de l\u2019enfant peut passer par de&nbsp;petites voix, mais constitue une&nbsp;grande voie vers la protection de l\u2019enfance.&nbsp; Que pouvez-vous faire pour prot\u00e9ger les enfants?&nbsp; Vous pouvez commencer par le commencement, c\u2019est-\u00e0-dire commencer par (re)d\u00e9couvrir leurs droits, lesquels sont leur point commun.&nbsp; Voici, ci-dessous, les droits de l\u2019enfant regroup\u00e9s en dix th\u00e9matiques issues [&hellip;]<\/p>\n","protected":false},"author":31,"featured_media":67,"comment_status":"open","ping_status":"open","sticky":false,"template":"","format":"standard","meta":{"_acf_changed":false,"_crdt_document":"","site-sidebar-layout":"default","site-content-layout":"","ast-site-content-layout":"default","site-content-style":"default","site-sidebar-style":"default","ast-global-header-display":"","ast-banner-title-visibility":"","ast-main-header-display":"","ast-hfb-above-header-display":"","ast-hfb-below-header-display":"","ast-hfb-mobile-header-display":"","site-post-title":"","ast-breadcrumbs-content":"","ast-featured-img":"","footer-sml-layout":"","ast-disable-related-posts":"","theme-transparent-header-meta":"","adv-header-id-meta":"","stick-header-meta":"","header-above-stick-meta":"","header-main-stick-meta":"","header-below-stick-meta":"","astra-migrate-meta-layouts":"set","ast-page-background-enabled":"default","ast-page-background-meta":{"desktop":{"background-color":"var(--ast-global-color-4)","background-image":"","background-repeat":"repeat","background-position":"center center","background-size":"auto","background-attachment":"scroll","background-type":"","background-media":"","overlay-type":"","overlay-color":"","overlay-opacity":"","overlay-gradient":""},"tablet":{"background-color":"","background-image":"","background-repeat":"repeat","background-position":"center center","background-size":"auto","background-attachment":"scroll","background-type":"","background-media":"","overlay-type":"","overlay-color":"","overlay-opacity":"","overlay-gradient":""},"mobile":{"background-color":"","background-image":"","background-repeat":"repeat","background-position":"center center","background-size":"auto","background-attachment":"scroll","background-type":"","background-media":"","overlay-type":"","overlay-color":"","overlay-opacity":"","overlay-gradient":""}},"ast-content-background-meta":{"desktop":{"background-color":"var(--ast-global-color-5)","background-image":"","background-repeat":"repeat","background-position":"center center","background-size":"auto","background-attachment":"scroll","background-type":"","background-media":"","overlay-type":"","overlay-color":"","overlay-opacity":"","overlay-gradient":""},"tablet":{"background-color":"var(--ast-global-color-5)","background-image":"","background-repeat":"repeat","background-position":"center center","background-size":"auto","background-attachment":"scroll","background-type":"","background-media":"","overlay-type":"","overlay-color":"","overlay-opacity":"","overlay-gradient":""},"mobile":{"background-color":"var(--ast-global-color-5)","background-image":"","background-repeat":"repeat","background-position":"center center","background-size":"auto","background-attachment":"scroll","background-type":"","background-media":"","overlay-type":"","overlay-color":"","overlay-opacity":"","overlay-gradient":""}},"footnotes":""},"categories":[1],"tags":[],"taxon-du-petit-parc":[],"class_list":["post-46","post","type-post","status-publish","format-standard","has-post-thumbnail","hentry","category-non-classe"],"acf":[],"_links":{"self":[{"href":"https:\/\/lepetitparc.ca\/bytchello\/wp-json\/wp\/v2\/posts\/46","targetHints":{"allow":["GET"]}}],"collection":[{"href":"https:\/\/lepetitparc.ca\/bytchello\/wp-json\/wp\/v2\/posts"}],"about":[{"href":"https:\/\/lepetitparc.ca\/bytchello\/wp-json\/wp\/v2\/types\/post"}],"author":[{"embeddable":true,"href":"https:\/\/lepetitparc.ca\/bytchello\/wp-json\/wp\/v2\/users\/31"}],"replies":[{"embeddable":true,"href":"https:\/\/lepetitparc.ca\/bytchello\/wp-json\/wp\/v2\/comments?post=46"}],"version-history":[{"count":6,"href":"https:\/\/lepetitparc.ca\/bytchello\/wp-json\/wp\/v2\/posts\/46\/revisions"}],"predecessor-version":[{"id":287,"href":"https:\/\/lepetitparc.ca\/bytchello\/wp-json\/wp\/v2\/posts\/46\/revisions\/287"}],"wp:featuredmedia":[{"embeddable":true,"href":"https:\/\/lepetitparc.ca\/bytchello\/wp-json\/wp\/v2\/media\/67"}],"wp:attachment":[{"href":"https:\/\/lepetitparc.ca\/bytchello\/wp-json\/wp\/v2\/media?parent=46"}],"wp:term":[{"taxonomy":"category","embeddable":true,"href":"https:\/\/lepetitparc.ca\/bytchello\/wp-json\/wp\/v2\/categories?post=46"},{"taxonomy":"post_tag","embeddable":true,"href":"https:\/\/lepetitparc.ca\/bytchello\/wp-json\/wp\/v2\/tags?post=46"},{"taxonomy":"taxon-du-petit-parc","embeddable":true,"href":"https:\/\/lepetitparc.ca\/bytchello\/wp-json\/wp\/v2\/taxon-du-petit-parc?post=46"}],"curies":[{"name":"wp","href":"https:\/\/api.w.org\/{rel}","templated":true}]}}