{"id":146,"date":"2025-02-09T12:57:40","date_gmt":"2025-02-09T17:57:40","guid":{"rendered":"https:\/\/lepetitparc.ca\/bytchello\/?p=146"},"modified":"2025-05-19T16:37:33","modified_gmt":"2025-05-19T20:37:33","slug":"dix-mots-francais-commencant-par-la-lettre-a-dont-lusage-peut-etre-deconseille-selon-le-contexte-partie-1","status":"publish","type":"post","link":"https:\/\/lepetitparc.ca\/bytchello\/2025\/02\/09\/dix-mots-francais-commencant-par-la-lettre-a-dont-lusage-peut-etre-deconseille-selon-le-contexte-partie-1\/","title":{"rendered":"Dix mots fran\u00e7ais commen\u00e7ant par la lettre \u00ab\u00a0A\u00a0\u00bb dont l&rsquo;usage peut \u00eatre d\u00e9conseill\u00e9 selon le contexte &#8211; Partie 1"},"content":{"rendered":"\n<p class=\"wp-block-paragraph\"><strong>Acad\u00e9mique (1) :<\/strong> Ce mot est un adjectif (de type qualifiant). Il signifie &lt;&lt; qui se<br>rapporte \u00e0 une acad\u00e9mie &gt;&gt;. Il est <strong>d\u00e9conseill\u00e9<\/strong> de l\u2019employer au sens de &lt;&lt; scolaire<br>&gt;&gt; ou de &lt;&lt; p\u00e9dagogique &gt;&gt; (adjectifs de type classifiant). <strong>Par exemple<\/strong>, je peux vous<br>demander une copie de votre dossier scolaire (et non : une copie de votre dossier<br>acad\u00e9mique).<\/p>\n\n\n\n<p class=\"wp-block-paragraph\"><br><strong>Accommoder (2) :<\/strong> Le mot<em> accommoder<\/em> est un verbe transitif. Il signifie &lt;&lt; appr\u00eater &gt;&gt;<br>(en cuisine), &lt;&lt; ajuster &gt;&gt; (en optique) et peut \u00eatre employ\u00e9 dans le sens de &lt;&lt; convenir<br>&gt;&gt;. Mais il est <strong>d\u00e9conseill\u00e9<\/strong> de l\u2019employer dans le sens de &lt;&lt; rendre service &gt;&gt;. <strong>Par<br>exemple<\/strong>, je peux vous rendre service (et non : vous accommoder).<\/p>\n\n\n\n<p class=\"wp-block-paragraph\"><br><strong>Admission (3) :<\/strong> Le mot<em> admission<\/em> est un nom f\u00e9minin. Il signifie &lt;&lt; inscription &gt; et &lt;&lt;<br>droit d\u2019acc\u00e8s permanent &gt;&gt;. Il est <strong>d\u00e9conseill\u00e9<\/strong> de l\u2019employer au sens d\u2019&lt;&lt; entr\u00e9e<br>physique dans un lieu &gt;&gt; ou de &lt;&lt; reconnaissance &gt;&gt;.<br><strong>Par exemple :<\/strong><br>\u2043 Entr\u00e9e gratuite (et non : admission gratuite)<br>\u2043 Prix d\u2019entr\u00e9e (et non : prix d\u2019admission)<br>\u2043 La reconnaissance des faits (et non : l\u2019admission des faits).<\/p>\n\n\n\n<p class=\"wp-block-paragraph\"><br><strong>Adresser (4) : <\/strong>Le mot <em>adresser<\/em> est un verbe transitif. Il signifie &lt;&lt; parler et prendre la<br>parole &gt;&gt; en emploi pronominal. Il est <strong>d\u00e9conseill\u00e9 <\/strong>de l\u2019employer au sens d\u2019&lt;&lt;<br>aborder &gt;&gt; ou d\u2019&lt;&lt; \u00e9tudier &gt;&gt; (un probl\u00e8me, <strong>par exemple<\/strong>).<br>Je peux m\u2019adressera \u00e0 vous (et non : vous adresser).<br>Mes \u00e9crits portent, entre autres, sur l\u2019\u00e9ducation de la petite enfance (et non : adressent,<br>entre autres, l\u2019\u00e9ducation de la petite enfance).<br><strong>Autres exemples :<\/strong><br>\u2043 Je peux aborder d\u2019autres sujets dans mes livres (et non : adresser d\u2019autres sujets).<br>\u2043 Je m\u2019occupe parfois de certains probl\u00e8mes techniques dans mes cours en ligne (et<br>non : adresser certains probl\u00e8mes techniques).<br><\/p>\n\n\n\n<p class=\"wp-block-paragraph\"><strong>Autres sens du verbe<em> adresser<\/em> reconnus en fran\u00e7ais<\/strong><br>Adresser signifie notamment &lt;&lt; envoyer &gt;&gt; ou &lt;&lt; exprimer &gt;&gt;. Il peut \u00e9galement<br>signifier &lt;&lt; diriger vers la personne qui convient &gt;&gt;, car l\u2019emploi du verbe &lt;&lt; r\u00e9f\u00e9rer &gt;&gt;<br>est d\u00e9conseill\u00e9 dans ce sens.<br><strong>Par exemple :<\/strong><br>\u2043 Je peux vous adresser une lettre un jour.<br>\u2043 Je peux aussi vous adresser des compliments.<br>\u2043 On peut vous adresser \u00e0 moi pour des questions p\u00e9dagogiques (et non : vous<br>r\u00e9f\u00e9rer \u00e0 moi).<\/p>\n\n\n\n<p class=\"wp-block-paragraph\"><br><strong>Affecter (5) :<\/strong> Le mot<em> affecter<\/em> est un verbe transitif. Il signifie notamment &lt;&lt; feindre,<br>destiner et avoir un effet &gt;&gt;.<\/p>\n\n\n\n<p class=\"wp-block-paragraph\"><br><strong><em>Affecter<\/em>, au sens de &lt;&lt; concerner &gt;&gt;<\/strong><br>Une hausse de salaires peut viser le personnel \u00e9ducateur dans les prochaines ann\u00e9es (et<br>non : peut affecter le personnel \u00e9ducateur dans les prochaines ann\u00e9es).<br>Des mesures toucheront probablement les petites entreprises (et non : affecteront<br>probablement les petites entreprises).<br>Seuls les mieux nantis seront concern\u00e9s par la taxe de luxe (et non : seront affect\u00e9s par la<br>taxe de luxe).<\/p>\n\n\n\n<p class=\"wp-block-paragraph\"><br><strong><em>Affecter<\/em>, au sens de &lt;&lt; toucher, avoir un effet &gt;&gt;<\/strong><br><strong>a) Avec un compl\u00e9ment direct repr\u00e9sentant une personne<\/strong><br>Le verbe affecter est consign\u00e9 dans les dictionnaires fran\u00e7ais au sens de \u00ab&nbsp;toucher, avoir<br>un effet&nbsp;\u00bb lorsque son compl\u00e9ment direct repr\u00e9sente une personne, l\u2019effet (qui est<br>g\u00e9n\u00e9ralement n\u00e9gatif) pouvant toucher cette personne moralement ou physiquement.<br><strong>Par exemple :<\/strong><br>\u2043 La mort de ma m\u00e8re m\u2019a beaucoup affect\u00e9.<br>\u2043 Sa maladie avait affect\u00e9 ses poumons.<br><strong>b) Avec un compl\u00e9ment direct qui est une chose (non une personne)<\/strong><br>Le verbe affecter est parfois critiqu\u00e9 lorsqu\u2019il a le sens de \u00ab&nbsp;toucher, avoir un effet&nbsp;\u00bb et<br>que son compl\u00e9ment est une chose (non une personne). Par ailleurs, l\u2019emploi d\u2019affecter<br>dans ce sens est clair et correct du point de vue syntaxique. Il est donc acceptable.<br><strong>Par exemple :<\/strong><br>\u2043 Vos efforts affecteront vos r\u00e9sultats.<br>\u2043 Vos t\u00e2ches d\u2019\u00e9valuation vont probablement affecter vos projets de fin de semaine.<br>\u2043 Vous devriez \u00e9viter que vos probl\u00e8mes personnels affectent votre vie<br>professionnelle.<\/p>\n\n\n\n<p class=\"wp-block-paragraph\"><strong>Autres sens du verbe <em>affecter<\/em> reconnus en fran\u00e7ais<\/strong><br>Affecter a plusieurs autres sens en fran\u00e7ais. Il peut signifier \u00ab&nbsp;feindre, simuler&nbsp;\u00bb (comme<br>mentionn\u00e9 ci-haut) lorsqu\u2019on parle d\u2019une attitude ou de sentiments qu\u2019une personne<br>\u00e9prouve faussement.<br>Il peut aussi vouloir dire \u00ab&nbsp;destiner&nbsp;\u00bb lorsqu\u2019il est question soit d\u2019une chose qu\u2019on r\u00e9serve<br>\u00e0 un usage particulier, soit d\u2019une personne qui doit occuper une fonction.<br>Et il peut signifier \u00ab&nbsp;modifier par un signe ou par une variable&nbsp;\u00bb lorsqu\u2019on parle de<br>nombres ou de notes de musique.<br><strong>Par exemple :<\/strong><br>\u2043 J\u2019affecte l\u2019indiff\u00e9rence en sa pr\u00e9sence, mais je l\u2019admire secr\u00e8tement.<br>\u2043 Ce budget sera affect\u00e9 \u00e0 la r\u00e9novation.<br>\u2043 Marie pourra \u00eatre affect\u00e9e \u00e0 la gestion des ressources humaines si elle r\u00e9ussit son<br>cours de fran\u00e7ais langue seconde avec brio.<br>\u2043 Ce chiffre est affect\u00e9 d\u2019un exposant.<\/p>\n\n\n\n<p class=\"wp-block-paragraph\"><br><strong>Agenda (6) :<\/strong> Le mot <em>agenda<\/em> est un nom masculin. Il signifie, entre autres, un carnet<br>pr\u00e9dat\u00e9 o\u00f9 l\u2019on inscrit son emploi du temps et non &lt;&lt; un ordre du jour d\u2019une r\u00e9union &gt;&gt;<br>(puisqu\u2019il s\u2019agit d\u2019un emprunt \u00e0 l\u2019anglais), m\u00eame s\u2019il peut signifier emploi du temps. Il<br>peut \u00e9galement vouloir dire un programme, une intention ou un objectif.<br><strong>Par exemple :<\/strong><br>\u2043 Quel est l\u2019ordre du jour de la r\u00e9union (et non : l\u2019agenda de la r\u00e9union)?<br>\u2043 Pour la Saint-Valentin, je m\u2019offrirai un superbe agenda de poche (c\u2019est-\u00e0-dire un carnet<br>pr\u00e9dat\u00e9).<br>\u2043 J\u2019ai souvent un agenda tr\u00e8s charg\u00e9 (c\u2019est-\u00e0-dire un emploi du temps tr\u00e8s charg\u00e9).<br>\u2043 Quel est le programme politique de la future d\u00e9put\u00e9e (et non : l\u2019agenda politique)?<br>\u2043 Paul nie avoir un objectif cach\u00e9 (et non : un agenda cach\u00e9)<br><\/p>\n\n\n\n<p class=\"wp-block-paragraph\"><strong>Agressif (7) : <\/strong>Ce mot est un adjectif (de type qualifiant) qui qualifie une personne ou une<br>chose violente. Il est d\u00e9conseill\u00e9 de l\u2019employer avec un sens positif (calque de l\u2019anglais)<br>comme &lt;&lt; \u00e9nergique &gt;&gt; ou &lt;&lt; dynamique &gt;&gt;\u2026<br><strong>Par exemple :<\/strong><br>\u2043 Je peux para\u00eetre tr\u00e8s \u00e9nergique (et non : agressif).<br>\u2043 Je suis un \u00e9crivain d\u00e9termin\u00e9 (et non : agressif).<br>\u2043 Beaucoup d\u2019\u00e9tudiants se montrent tenaces (et non : agressifs)<br>\u2043 Sarah est une joueuse de tennis tr\u00e8s comp\u00e9titive (et non : agressive).<br>\u2043 Chantal a une brillante carri\u00e8re, car elle est tr\u00e8s audacieuse (et non : agressive).<\/p>\n\n\n\n<p class=\"wp-block-paragraph\"><strong>Ajourner (8) : <\/strong>Le mot <em>ajourner <\/em>est un verbe transitif. Il signifie &lt;&lt; remettre \u00e0 une date<br>ult\u00e9rieure &gt;&gt;. Il est <strong>d\u00e9conseill\u00e9<\/strong> de l\u2019employer au sens de &lt;&lt; faire une pause &gt;&gt; ou &lt;&lt;<br>mettre fin \u00e0 &gt;&gt;.<br>Par exemple :<br>\u2043 Mon r\u00eave d\u2019enfant est loin d\u2019\u00eatre oubli\u00e9, j\u2019en ai seulement ajourn\u00e9 la r\u00e9alisation.<br>\u2043 La r\u00e9union du conseil d\u2019administration a \u00e9t\u00e9 ajourn\u00e9e au 27 juin.<br>\u2043 Le juge va clore le proc\u00e8s (et non : ajourner le proc\u00e8s).<br>\u2043 Je vais suspendre cette visioconf\u00e9rence pour vingt minutes afin de vous permettre<br>de vous d\u00e9gourdir les jambes en marchant un peu (et non : ajourner)<br>\u2043 On a lev\u00e9 la s\u00e9ance \u00e0 20 h 30 (et non : on a ajourn\u00e9).<br><\/p>\n\n\n\n<p class=\"wp-block-paragraph\"><strong>Alternative (9) : <\/strong>Ce mot est un nom f\u00e9minin. Il d\u00e9signe un ensemble de deux solutions.<br>Il faudrait <strong>\u00e9viter<\/strong> de l\u2019employer comme synonyme de choix, possibilit\u00e9 et solution. Mais il<br>peut \u00eatre remplac\u00e9 par ces mots.<br><strong>Par exemple :<\/strong><br>\u2043 La location d\u2019une maison serait une solution int\u00e9ressante pour Pierre (et non : une<br>alternative int\u00e9ressante).<br>\u2043 L\u2019autre possibilit\u00e9 serait de descendre \u00e0 l\u2019h\u00f4tel (et non : l\u2019autre alternative).<br>\u2043 Avez-vous un autre choix que de parler le fran\u00e7ais en l\u2019apprenant (et non : d\u2019autre<br>alternative)?<\/p>\n\n\n\n<p class=\"wp-block-paragraph\"><br><strong>Sens reconnu en fran\u00e7ais<\/strong><br>On est devant une alternative lorsqu\u2019on doit choisir entre deux possibilit\u00e9s menant \u00e0 des<br>aboutissements diff\u00e9rents.<br><strong>Par exemple :<\/strong><br>\u2043 L\u2019alternative est claire&nbsp;: louer un appartement ou descendre \u00e0 l\u2019h\u00f4tel (et non&nbsp;: les<br>alternatives sont claires).<br>\u2043 Il h\u00e9site devant l\u2019alternative suivante : louer ou acheter (et non&nbsp;: entre ces deux<br>alternatives).<\/p>\n\n\n\n<p class=\"wp-block-paragraph\"><br><strong>Anticiper (10) :<\/strong> Le mot<em> anticiper <\/em>est un verbe transitif. Il signifie &lt;&lt; faire quelque chose<br>avant le moment pr\u00e9vu ou imaginer une situation \u00e0 l\u2019avance &gt;&gt;. Il est <strong>d\u00e9conseill\u00e9<\/strong> de<br>l\u2019employer au sens de &lt;&lt; pr\u00e9voir &gt;&gt; ou d\u2019&lt;&lt; esp\u00e9rer &gt;&gt;.<br><strong>Par exemple :<\/strong><br>\u2043 L\u2019apprenant appr\u00e9hende de mauvaises notes (plut\u00f4t que : anticipe de mauvaises<br>notes). Je croyais que vous esp\u00e9riez un meilleur r\u00e9sultat (plut\u00f4t que : j&rsquo;anticipais un<br>meilleur r\u00e9sultat).<br>\u2043 Nous nous attendions \u00e0 un succ\u00e8s, mais ce fut encore mieux (plut\u00f4t que :<br>anticipions un succ\u00e8s).<br>\u2043 Son m\u00e9decin pr\u00e9voit une am\u00e9lioration de son \u00e9tat de sant\u00e9 (plut\u00f4t que : anticipe<br>une am\u00e9lioration de son \u00e9tat de sant\u00e9).<br>Sens reconnu en fran\u00e7ais<br><\/p>\n\n\n\n<p class=\"wp-block-paragraph\">Le verbe <em>anticiper<\/em> signifie surtout &lt;&lt; ex\u00e9cuter une action avant l\u2019\u00e9ch\u00e9ance &gt;&gt; ou &lt;&lt;<br>imaginer une situation \u00e0 l\u2019avance &gt;&gt;.<br><strong>Par exemple :<\/strong><br>\u2043 Jacques anticipe le paiement de sa dette : son compte est \u00e0 z\u00e9ro.<br>\u2043 Vous pouvez anticiper votre retraite gr\u00e2ce \u00e0 un programme dont je vous parlerai<br>ult\u00e9rieurement.<br>\u2043 Dans ce cours, on \u00e9vite d\u2019anticiper : chaque chose en son temps.<\/p>\n\n\n\n<p class=\"wp-block-paragraph\">Et voil\u00e0! Cette premi\u00e8re partie est maintenant termin\u00e9e. <\/p>\n\n\n\n<p class=\"wp-block-paragraph\"><strong>Bytchello Pr\u00e9vil<\/strong>,<strong>&nbsp;<\/strong>\u00e9crivain, \u00e9ducateur, instructeur de FLS, superviseur agr\u00e9\u00e9 et titulaire d&rsquo;une prestigieuse bourse d&rsquo;excellence scolaire en administration des services \u00e0 l&rsquo;enfance<\/p>\n\n\n\n<p class=\"wp-block-paragraph\"><strong>Sources consult\u00e9es<\/strong><br>1. Vitrine linguistique<br>https:\/\/vitrinelinguistique.oqlf.gouv.qc.ca (14 d\u00e9cembre 2024)<br>2. Portail linguistique du Canada<br>https:\/\/www.noslangues.ourlanguages.gc.ca (17 d\u00e9cembre 2024)<\/p>\n\n\n\n<p class=\"wp-block-paragraph\"><\/p>\n","protected":false},"excerpt":{"rendered":"<p>Acad\u00e9mique (1) : Ce mot est un adjectif (de type qualifiant). Il signifie &lt;&lt; qui serapporte \u00e0 une acad\u00e9mie &gt;&gt;. Il est d\u00e9conseill\u00e9 de l\u2019employer au sens de &lt;&lt; scolaire&gt;&gt; ou de &lt;&lt; p\u00e9dagogique &gt;&gt; (adjectifs de type classifiant). Par exemple, je peux vousdemander une copie de votre dossier scolaire (et non : une copie [&hellip;]<\/p>\n","protected":false},"author":31,"featured_media":0,"comment_status":"open","ping_status":"open","sticky":false,"template":"","format":"standard","meta":{"_acf_changed":false,"_crdt_document":"","site-sidebar-layout":"default","site-content-layout":"","ast-site-content-layout":"default","site-content-style":"default","site-sidebar-style":"default","ast-global-header-display":"","ast-banner-title-visibility":"","ast-main-header-display":"","ast-hfb-above-header-display":"","ast-hfb-below-header-display":"","ast-hfb-mobile-header-display":"","site-post-title":"","ast-breadcrumbs-content":"","ast-featured-img":"","footer-sml-layout":"","ast-disable-related-posts":"","theme-transparent-header-meta":"","adv-header-id-meta":"","stick-header-meta":"","header-above-stick-meta":"","header-main-stick-meta":"","header-below-stick-meta":"","astra-migrate-meta-layouts":"set","ast-page-background-enabled":"default","ast-page-background-meta":{"desktop":{"background-color":"var(--ast-global-color-4)","background-image":"","background-repeat":"repeat","background-position":"center center","background-size":"auto","background-attachment":"scroll","background-type":"","background-media":"","overlay-type":"","overlay-color":"","overlay-opacity":"","overlay-gradient":""},"tablet":{"background-color":"","background-image":"","background-repeat":"repeat","background-position":"center center","background-size":"auto","background-attachment":"scroll","background-type":"","background-media":"","overlay-type":"","overlay-color":"","overlay-opacity":"","overlay-gradient":""},"mobile":{"background-color":"","background-image":"","background-repeat":"repeat","background-position":"center center","background-size":"auto","background-attachment":"scroll","background-type":"","background-media":"","overlay-type":"","overlay-color":"","overlay-opacity":"","overlay-gradient":""}},"ast-content-background-meta":{"desktop":{"background-color":"var(--ast-global-color-5)","background-image":"","background-repeat":"repeat","background-position":"center center","background-size":"auto","background-attachment":"scroll","background-type":"","background-media":"","overlay-type":"","overlay-color":"","overlay-opacity":"","overlay-gradient":""},"tablet":{"background-color":"var(--ast-global-color-5)","background-image":"","background-repeat":"repeat","background-position":"center center","background-size":"auto","background-attachment":"scroll","background-type":"","background-media":"","overlay-type":"","overlay-color":"","overlay-opacity":"","overlay-gradient":""},"mobile":{"background-color":"var(--ast-global-color-5)","background-image":"","background-repeat":"repeat","background-position":"center center","background-size":"auto","background-attachment":"scroll","background-type":"","background-media":"","overlay-type":"","overlay-color":"","overlay-opacity":"","overlay-gradient":""}},"footnotes":""},"categories":[1],"tags":[],"taxon-du-petit-parc":[],"class_list":["post-146","post","type-post","status-publish","format-standard","hentry","category-non-classe"],"acf":[],"_links":{"self":[{"href":"https:\/\/lepetitparc.ca\/bytchello\/wp-json\/wp\/v2\/posts\/146","targetHints":{"allow":["GET"]}}],"collection":[{"href":"https:\/\/lepetitparc.ca\/bytchello\/wp-json\/wp\/v2\/posts"}],"about":[{"href":"https:\/\/lepetitparc.ca\/bytchello\/wp-json\/wp\/v2\/types\/post"}],"author":[{"embeddable":true,"href":"https:\/\/lepetitparc.ca\/bytchello\/wp-json\/wp\/v2\/users\/31"}],"replies":[{"embeddable":true,"href":"https:\/\/lepetitparc.ca\/bytchello\/wp-json\/wp\/v2\/comments?post=146"}],"version-history":[{"count":4,"href":"https:\/\/lepetitparc.ca\/bytchello\/wp-json\/wp\/v2\/posts\/146\/revisions"}],"predecessor-version":[{"id":271,"href":"https:\/\/lepetitparc.ca\/bytchello\/wp-json\/wp\/v2\/posts\/146\/revisions\/271"}],"wp:attachment":[{"href":"https:\/\/lepetitparc.ca\/bytchello\/wp-json\/wp\/v2\/media?parent=146"}],"wp:term":[{"taxonomy":"category","embeddable":true,"href":"https:\/\/lepetitparc.ca\/bytchello\/wp-json\/wp\/v2\/categories?post=146"},{"taxonomy":"post_tag","embeddable":true,"href":"https:\/\/lepetitparc.ca\/bytchello\/wp-json\/wp\/v2\/tags?post=146"},{"taxonomy":"taxon-du-petit-parc","embeddable":true,"href":"https:\/\/lepetitparc.ca\/bytchello\/wp-json\/wp\/v2\/taxon-du-petit-parc?post=146"}],"curies":[{"name":"wp","href":"https:\/\/api.w.org\/{rel}","templated":true}]}}