{"id":103,"date":"2024-08-04T11:46:43","date_gmt":"2024-08-04T15:46:43","guid":{"rendered":"https:\/\/lepetitparc.ca\/bytchello\/?p=103"},"modified":"2026-02-08T17:23:10","modified_gmt":"2026-02-08T22:23:10","slug":"lincidence-du-bruit-en-milieu-educatif","status":"publish","type":"post","link":"https:\/\/lepetitparc.ca\/bytchello\/2024\/08\/04\/lincidence-du-bruit-en-milieu-educatif\/","title":{"rendered":"L\u2019incidence du bruit en milieu \u00e9ducatif"},"content":{"rendered":"\n<figure class=\"wp-block-image alignleft is-resized\"><img decoding=\"async\" data-src=\"https:\/\/lepetitparc.ca\/bytchello\/wp-content\/uploads\/sites\/36\/2025\/07\/BP_Petit-Parc-150x150.jpg\" alt=\"The current image has no alternative text. The file name is: BP_Petit-Parc.jpg\" style=\"--smush-placeholder-width: 150px; --smush-placeholder-aspect-ratio: 150\/150;width:272px;height:auto\" src=\"data:image\/svg+xml;base64,PHN2ZyB3aWR0aD0iMSIgaGVpZ2h0PSIxIiB4bWxucz0iaHR0cDovL3d3dy53My5vcmcvMjAwMC9zdmciPjwvc3ZnPg==\" class=\"lazyload\" \/><\/figure>\n\n\n\n<p class=\"wp-block-paragraph\">Le bruit fait malheureusement partie du quotidien du personnel \u00e9ducateur et des enfants en milieu \u00e9ducatif, o\u00f9 la bonne humeur se cultive, c\u2019est-\u00e0-dire o\u00f9 de gros c\u00e2lins, des \u00e9clats de rire, des ateliers stimulants\u2026 s\u2019imposent. Malgr\u00e9 leur savoir, leur savoir-faire et leur savoir-\u00eatre, il est impossible aux membres de la profession \u00e9ducative de garantir des classes ou des locaux exempts de &lt;&lt; grosses peines &gt;&gt; et de cris stridents&#8230; Les centres de services \u00e0 l\u2019enfance et les CSGE (centres de services de garde d\u2019enfants), par exemple, sont loin d\u2019\u00eatre des environnements sans bruit, comme on peut l\u2019imaginer. Alors, quel est l\u2019incidence du bruit dans ces milieux-l\u00e0, d\u2019autant plus que les gens qui y travaillent sont appel\u00e9s \u00e0 y passer jusqu\u2019\u00e0 trente ans de leur vie professionnelle ? Cet article, qui se veut \u00eatre plus qu\u2019un outil d\u2019information, vise \u00e0 les sensibiliser au <strong>ph\u00e9nom\u00e8ne du bruit<\/strong> et \u00e0 ses cons\u00e9quences, tant sur les soins et les services d\u2019\u00e9ducation (qui doivent \u00eatre de qualit\u00e9) auxquels les enfants ont droit que sur leur qualit\u00e9 de vie.&nbsp;<\/p>\n\n\n\n<p class=\"wp-block-paragraph\"><strong>Qu\u2019est-ce que le bruit&nbsp;?<\/strong><\/p>\n\n\n\n<p class=\"wp-block-paragraph\">Le bruit est tout simplement un son non d\u00e9sir\u00e9 ou ind\u00e9sirable. On peut aussi le d\u00e9finir comme \u00e9tant \u00ab une sensation auditive g\u00eanante ou d\u00e9sagr\u00e9able \u00bb<a href=\"#_ftn1\" id=\"_ftnref1\">[1]<\/a>. Dans les CSGE, comme ailleurs, chaque personne tol\u00e8re le bruit de fa\u00e7on tr\u00e8s diff\u00e9rente. Le bruit que fait un enfant dans un local du centre de garde ou dans une classe g\u00eane davantage l\u2019adulte \u00e9ducateur que celui que l\u2019enfant produit lui-m\u00eame et vice versa. Un simple son (ce que nous entendons) pour l\u2019un peut devenir un bruit pour l\u2019autre. Il importe de souligner qu\u2019il existe \u00ab diff\u00e9rents types de bruit&nbsp;:<\/p>\n\n\n\n<ul class=\"wp-block-list\">\n<li>un bruit continu pr\u00e9sente des variations minimes de niveau (ex.&nbsp;: un appareil de climatisation)&nbsp;;<\/li>\n\n\n\n<li>un bruit variable ou fluctuant pr\u00e9sente des variations plus importantes (ex.&nbsp;: les niveaux de bruit dans un local varient selon les activit\u00e9s, le nombre d\u2019enfants, l\u2019heure)&nbsp;;<\/li>\n\n\n\n<li>un bruit d\u2019impact r\u00e9sulte du choc de deux corps solides (ex.&nbsp;: chute d\u2019un jouet sur le plancher, choc d\u2019un verre sur la table) \u00bb<a href=\"#_ftn2\" id=\"_ftnref2\">[2]<\/a>.&nbsp;<\/li>\n<\/ul>\n\n\n\n<p class=\"wp-block-paragraph\"><strong>Quels sont les effets du bruit&nbsp;?<\/strong><\/p>\n\n\n\n<p class=\"wp-block-paragraph\">Aujourd\u2019hui, on sait pertinemment que les effets directs du bruit sur l\u2019audition peuvent aller de la fatigue auditive jusqu\u2019\u00e0 la surdit\u00e9&nbsp;et sans s\u2019y limiter ! \u00c9galement, ils peuvent \u00eatre extra-auditifs avec des cons\u00e9quences multiples (la liste exhaustive de celles-ci sont non \u00e9num\u00e9r\u00e9es dans cet article) qui se font sentir autant au travail que dans la vie sociale et familiale. En effet, quand on s\u2019expose \u00e0 un bruit non d\u00e9sir\u00e9 ou \u00e0 un son doublement ind\u00e9sirable, on se sent stress\u00e9, et m\u00eame fatigu\u00e9. Qui du personnel \u00e9ducateur parvient toujours \u00e0 r\u00e9sister \u00e0 une fatigue de fin de journ\u00e9e dont la cause est inconnue&nbsp;? Personne ! On peut parier que c\u2019est \u00e0 cause de l\u2019exposition au bruit, le plus souvent&nbsp;!&nbsp; En plus de cette sensation d\u2019affaiblissement physique, il peut apparaitre de l\u2019irritabilit\u00e9, de l\u2019intol\u00e9rance, de l\u2019anxi\u00e9t\u00e9, voire des probl\u00e8mes de sant\u00e9 mentale, qui sont d\u2019ordre psychologique.<\/p>\n\n\n\n<p class=\"wp-block-paragraph\">Les membres de la profession \u00e9ducative devraient \u00eatre sensibilis\u00e9s au bruit en \u00e9vitant toute habituation. Il est obligatoire qu\u2019ils\/elles passent \u00e0 l\u2019action pour le r\u00e9duire dans leurs locaux, notamment \u00e0 cause de ses effets n\u00e9gatifs sur le comportement. En ce sens, Nicole Malenfant, dans son livre intitul\u00e9 <em>Routines et transitions en services \u00e9ducatifs<\/em> (p. 45), propose cette formule&nbsp;: \u00ab <strong>Pour diminuer le bruit, il faut s\u2019attaquer aux causes premi\u00e8res du probl\u00e8me&nbsp;: nombre \u00e9lev\u00e9 d\u2019enfants au m\u00eame endroit, espace ouvert sans cloisons, absence de mat\u00e9riaux poreux, diffusion prolong\u00e9e de musique de fond, voix \u00e9lev\u00e9es et interventions \u00e0 distance<\/strong>. \u00bb<\/p>\n\n\n\n<p class=\"wp-block-paragraph\">D\u2019apr\u00e8s tout ce qui pr\u00e9c\u00e8de et en se r\u00e9f\u00e9rant \u00e0 la r\u00e9alit\u00e9, il est \u00e9vident que <strong>l\u2019incidence du bruit en milieu \u00e9ducatif augmente le stress et la fatigue,<\/strong> autant chez les enfants que du c\u00f4t\u00e9 des membres du personnel \u00e9ducateur (sans oublier les interventions disciplinaires) et <strong>diminue, sans aucun doute, la qualit\u00e9 de la communication et des apprentissages<\/strong>&nbsp;! &nbsp;<\/p>\n\n\n\n<p class=\"wp-block-paragraph\"><strong>Bytchello Pr\u00e9vil<\/strong><\/p>\n\n\n\n<p class=\"wp-block-paragraph\">Site Internet\u00a0: <a href=\"http:\/\/www.0faute.org\">www.0faute.org<\/a><\/p>\n\n\n\n<p class=\"wp-block-paragraph\">Ressources et\/ou r\u00e9f\u00e9rences :&nbsp;&nbsp;<\/p>\n\n\n\n<p class=\"wp-block-paragraph\"><em>L\u2019Approche ABC, de A \u00e0 Z<\/em> (pages 55-58)<\/p>\n\n\n\n<p class=\"wp-block-paragraph\"><em>Routines et transitions en services \u00e9ducatifs<\/em> (p. 45)<\/p>\n\n\n\n<hr class=\"wp-block-separator has-alpha-channel-opacity\" \/>\n\n\n\n<p class=\"wp-block-paragraph\"><a href=\"#_ftnref1\" id=\"_ftn1\">[1]<\/a> Sans P\u00e9pins \u2013 Vol. 8, N\u00ba 2, 2006 \u2013 Num\u00e9ro sp\u00e9cial&nbsp;<\/p>\n\n\n\n<p class=\"wp-block-paragraph\"><a href=\"#_ftnref2\" id=\"_ftn2\">[2]<\/a> Sans P\u00e9pins \u2013 Vol. 8, N\u00ba 2, 2006 \u2013 Num\u00e9ro sp\u00e9cial&nbsp;<\/p>\n","protected":false},"excerpt":{"rendered":"<p>Le bruit fait malheureusement partie du quotidien du personnel \u00e9ducateur et des enfants en milieu \u00e9ducatif, o\u00f9 la bonne humeur se cultive, c\u2019est-\u00e0-dire o\u00f9 de gros c\u00e2lins, des \u00e9clats de rire, des ateliers stimulants\u2026 s\u2019imposent. Malgr\u00e9 leur savoir, leur savoir-faire et leur savoir-\u00eatre, il est impossible aux membres de la profession \u00e9ducative de garantir des [&hellip;]<\/p>\n","protected":false},"author":31,"featured_media":290,"comment_status":"open","ping_status":"open","sticky":false,"template":"","format":"standard","meta":{"_acf_changed":false,"_crdt_document":"","site-sidebar-layout":"default","site-content-layout":"","ast-site-content-layout":"default","site-content-style":"default","site-sidebar-style":"default","ast-global-header-display":"","ast-banner-title-visibility":"","ast-main-header-display":"","ast-hfb-above-header-display":"","ast-hfb-below-header-display":"","ast-hfb-mobile-header-display":"","site-post-title":"","ast-breadcrumbs-content":"","ast-featured-img":"","footer-sml-layout":"","ast-disable-related-posts":"","theme-transparent-header-meta":"","adv-header-id-meta":"","stick-header-meta":"","header-above-stick-meta":"","header-main-stick-meta":"","header-below-stick-meta":"","astra-migrate-meta-layouts":"set","ast-page-background-enabled":"default","ast-page-background-meta":{"desktop":{"background-color":"var(--ast-global-color-4)","background-image":"","background-repeat":"repeat","background-position":"center center","background-size":"auto","background-attachment":"scroll","background-type":"","background-media":"","overlay-type":"","overlay-color":"","overlay-opacity":"","overlay-gradient":""},"tablet":{"background-color":"","background-image":"","background-repeat":"repeat","background-position":"center center","background-size":"auto","background-attachment":"scroll","background-type":"","background-media":"","overlay-type":"","overlay-color":"","overlay-opacity":"","overlay-gradient":""},"mobile":{"background-color":"","background-image":"","background-repeat":"repeat","background-position":"center center","background-size":"auto","background-attachment":"scroll","background-type":"","background-media":"","overlay-type":"","overlay-color":"","overlay-opacity":"","overlay-gradient":""}},"ast-content-background-meta":{"desktop":{"background-color":"var(--ast-global-color-5)","background-image":"","background-repeat":"repeat","background-position":"center center","background-size":"auto","background-attachment":"scroll","background-type":"","background-media":"","overlay-type":"","overlay-color":"","overlay-opacity":"","overlay-gradient":""},"tablet":{"background-color":"var(--ast-global-color-5)","background-image":"","background-repeat":"repeat","background-position":"center center","background-size":"auto","background-attachment":"scroll","background-type":"","background-media":"","overlay-type":"","overlay-color":"","overlay-opacity":"","overlay-gradient":""},"mobile":{"background-color":"var(--ast-global-color-5)","background-image":"","background-repeat":"repeat","background-position":"center center","background-size":"auto","background-attachment":"scroll","background-type":"","background-media":"","overlay-type":"","overlay-color":"","overlay-opacity":"","overlay-gradient":""}},"footnotes":""},"categories":[1],"tags":[],"taxon-du-petit-parc":[],"class_list":["post-103","post","type-post","status-publish","format-standard","has-post-thumbnail","hentry","category-non-classe"],"acf":[],"_links":{"self":[{"href":"https:\/\/lepetitparc.ca\/bytchello\/wp-json\/wp\/v2\/posts\/103","targetHints":{"allow":["GET"]}}],"collection":[{"href":"https:\/\/lepetitparc.ca\/bytchello\/wp-json\/wp\/v2\/posts"}],"about":[{"href":"https:\/\/lepetitparc.ca\/bytchello\/wp-json\/wp\/v2\/types\/post"}],"author":[{"embeddable":true,"href":"https:\/\/lepetitparc.ca\/bytchello\/wp-json\/wp\/v2\/users\/31"}],"replies":[{"embeddable":true,"href":"https:\/\/lepetitparc.ca\/bytchello\/wp-json\/wp\/v2\/comments?post=103"}],"version-history":[{"count":8,"href":"https:\/\/lepetitparc.ca\/bytchello\/wp-json\/wp\/v2\/posts\/103\/revisions"}],"predecessor-version":[{"id":468,"href":"https:\/\/lepetitparc.ca\/bytchello\/wp-json\/wp\/v2\/posts\/103\/revisions\/468"}],"wp:featuredmedia":[{"embeddable":true,"href":"https:\/\/lepetitparc.ca\/bytchello\/wp-json\/wp\/v2\/media\/290"}],"wp:attachment":[{"href":"https:\/\/lepetitparc.ca\/bytchello\/wp-json\/wp\/v2\/media?parent=103"}],"wp:term":[{"taxonomy":"category","embeddable":true,"href":"https:\/\/lepetitparc.ca\/bytchello\/wp-json\/wp\/v2\/categories?post=103"},{"taxonomy":"post_tag","embeddable":true,"href":"https:\/\/lepetitparc.ca\/bytchello\/wp-json\/wp\/v2\/tags?post=103"},{"taxonomy":"taxon-du-petit-parc","embeddable":true,"href":"https:\/\/lepetitparc.ca\/bytchello\/wp-json\/wp\/v2\/taxon-du-petit-parc?post=103"}],"curies":[{"name":"wp","href":"https:\/\/api.w.org\/{rel}","templated":true}]}}